{"id":919870,"date":"2026-05-01T10:45:44","date_gmt":"2026-05-01T08:45:44","guid":{"rendered":"https:\/\/www.albinfo.ch\/fjolla-zhubi-mbron-doktoraturen-ne-semmelweis-university-ne-budapest\/"},"modified":"2026-05-01T10:40:43","modified_gmt":"2026-05-01T08:40:43","slug":"fjolla-zhubi-mbron-doktoraturen-ne-semmelweis-university-ne-budapest","status":"publish","type":"post","link":"https:\/\/www.albinfo.at\/de\/fjolla-zhubi-mbron-doktoraturen-ne-semmelweis-university-ne-budapest\/","title":{"rendered":"Fjolla Zhubi verteidigt ihre Doktorarbeit an der Semmelweis Universit\u00e4t in Budapest"},"content":{"rendered":"<p class=\"p1\">Ein bedeutender Erfolg im Bereich der medizinischen Wissenschaften kommt von Dr Fjolla Zhubi, die ihre Doktorarbeit PhD an der renommierten Semmelweis Universit\u00e4t in Budapest erfolgreich verteidigt hat, berichtet albinfo.ch<\/p>\n<p>&nbsp;<\/p>\n<p><img loading=\"lazy\" decoding=\"async\" class=\"alignnone wp-image-919824\" src=\"https:\/\/www.albinfo.ch\/wp-content\/uploads\/2026\/05\/img_9187-683x1024.jpeg\" alt=\"\" width=\"500\" height=\"749\" srcset=\"https:\/\/www.albinfo.at\/wp-content\/uploads\/2026\/05\/img_9187-683x1024.jpeg 683w, https:\/\/www.albinfo.at\/wp-content\/uploads\/2026\/05\/img_9187-200x300.jpeg 200w, https:\/\/www.albinfo.at\/wp-content\/uploads\/2026\/05\/img_9187-768x1151.jpeg 768w, https:\/\/www.albinfo.at\/wp-content\/uploads\/2026\/05\/img_9187-264x396.jpeg 264w, https:\/\/www.albinfo.at\/wp-content\/uploads\/2026\/05\/img_9187-67x100.jpeg 67w, https:\/\/www.albinfo.at\/wp-content\/uploads\/2026\/05\/img_9187-117x175.jpeg 117w, https:\/\/www.albinfo.at\/wp-content\/uploads\/2026\/05\/img_9187.jpeg 854w\" sizes=\"auto, (max-width: 500px) 100vw, 500px\" \/><\/p>\n<p>&nbsp;<\/p>\n<p data-start=\"559\" data-end=\"901\">Die \u00f6ffentliche Verteidigung der Doktorarbeit gilt als einer der gr\u00f6\u00dften Erfolge in ihrem beruflichen Werdegang, neben ihrer Spezialisierung in Innerer Medizin und Kardiologie. Dieser akademische Prozess, der im Jahr 2020 begann, war von gro\u00dfem Engagement, intensiver Forschungsarbeit und zahlreichen Herausforderungen gepr\u00e4gt.<\/p>\n<p data-start=\"903\" data-end=\"1109\" data-is-last-node=\"\" data-is-only-node=\"\">Dr Zhubi betonte die Bedeutung ihrer Mentoren Attila Kov\u00e1cs und Alexandra F\u00e1bi\u00e1n, denen sie f\u00fcr die fachliche Unterst\u00fctzung und die kontinuierliche Begleitung w\u00e4hrend des gesamten Doktoratsprozesses dankte.<\/p>\n<p>&nbsp;<\/p>\n<p><img loading=\"lazy\" decoding=\"async\" class=\"alignnone wp-image-919827\" src=\"https:\/\/www.albinfo.ch\/wp-content\/uploads\/2026\/05\/img_9184-1024x620.jpeg\" alt=\"\" width=\"500\" height=\"303\" srcset=\"https:\/\/www.albinfo.at\/wp-content\/uploads\/2026\/05\/img_9184-1024x620.jpeg 1024w, https:\/\/www.albinfo.at\/wp-content\/uploads\/2026\/05\/img_9184-300x182.jpeg 300w, https:\/\/www.albinfo.at\/wp-content\/uploads\/2026\/05\/img_9184-768x465.jpeg 768w, https:\/\/www.albinfo.at\/wp-content\/uploads\/2026\/05\/img_9184-587x355.jpeg 587w, https:\/\/www.albinfo.at\/wp-content\/uploads\/2026\/05\/img_9184-165x100.jpeg 165w, https:\/\/www.albinfo.at\/wp-content\/uploads\/2026\/05\/img_9184-265x160.jpeg 265w, https:\/\/www.albinfo.at\/wp-content\/uploads\/2026\/05\/img_9184.jpeg 1440w\" sizes=\"auto, (max-width: 500px) 100vw, 500px\" \/><\/p>\n<p>&nbsp;<\/p>\n<p data-start=\"523\" data-end=\"754\">Sie \u00e4u\u00dferte auch ihre Dankbarkeit gegen\u00fcber der Institution, an der sie studiert hat, und w\u00fcrdigte die Semmelweis Universit\u00e4t als eine Hochschule mit hohen akademischen Standards und gro\u00dfen Entwicklungsm\u00f6glichkeiten.<\/p>\n<p data-start=\"756\" data-end=\"873\">Zudem bedankte sich Dr Zhubi bei ihrer Familie f\u00fcr die Unterst\u00fctzung und das Vertrauen w\u00e4hrend dieses gesamten Weges.<\/p>\n<p data-start=\"875\" data-end=\"1031\" data-is-last-node=\"\" data-is-only-node=\"\">Dr Fjolla Zhubi stammt aus einer bekannten Familie in Mitrovica und ist die Tochter der \u00c4rztin Luljeta Zhubi sowie des Professors und Trainers Nexhat Zhubi.<\/p>\n<p>&nbsp;<\/p>\n<p><img loading=\"lazy\" decoding=\"async\" class=\"alignnone wp-image-919830\" src=\"https:\/\/www.albinfo.ch\/wp-content\/uploads\/2026\/05\/img_9188-759x1024.jpeg\" alt=\"\" width=\"500\" height=\"675\" srcset=\"https:\/\/www.albinfo.at\/wp-content\/uploads\/2026\/05\/img_9188-759x1024.jpeg 759w, https:\/\/www.albinfo.at\/wp-content\/uploads\/2026\/05\/img_9188-222x300.jpeg 222w, https:\/\/www.albinfo.at\/wp-content\/uploads\/2026\/05\/img_9188-768x1036.jpeg 768w, https:\/\/www.albinfo.at\/wp-content\/uploads\/2026\/05\/img_9188-1139x1536.jpeg 1139w, https:\/\/www.albinfo.at\/wp-content\/uploads\/2026\/05\/img_9188-294x396.jpeg 294w, https:\/\/www.albinfo.at\/wp-content\/uploads\/2026\/05\/img_9188-74x100.jpeg 74w, https:\/\/www.albinfo.at\/wp-content\/uploads\/2026\/05\/img_9188-130x175.jpeg 130w, https:\/\/www.albinfo.at\/wp-content\/uploads\/2026\/05\/img_9188.jpeg 1186w\" sizes=\"auto, (max-width: 500px) 100vw, 500px\" \/><\/p>\n","protected":false},"excerpt":{"rendered":"<p>Die Fach\u00e4rztin f\u00fcr Innere Medizin und Kardiologie bezeichnet diesen Erfolg als einen H\u00f6hepunkt ihrer beruflichen Laufbahn<\/p>\n","protected":false},"author":31,"featured_media":919823,"comment_status":"closed","ping_status":"closed","sticky":false,"template":"","format":"standard","meta":{"footnotes":""},"categories":[24636,1134,1135,3952,24631,1129,1133],"tags":[],"vendi":[],"content_country":[29888,31836,31837],"class_list":["post-919870","post","type-post","status-publish","format-standard","has-post-thumbnail","hentry","category-nachrichten-de-4","category-integration","category-frauen","category-kosova-de","category-nachrichten-de-2","category-ch-balkan","category-e-diaspora-de","content_country-zvicer","content_country-austria-de","content_country-germany-de"],"acf":[],"_links":{"self":[{"href":"https:\/\/www.albinfo.at\/de\/wp-json\/wp\/v2\/posts\/919870","targetHints":{"allow":["GET"]}}],"collection":[{"href":"https:\/\/www.albinfo.at\/de\/wp-json\/wp\/v2\/posts"}],"about":[{"href":"https:\/\/www.albinfo.at\/de\/wp-json\/wp\/v2\/types\/post"}],"author":[{"embeddable":true,"href":"https:\/\/www.albinfo.at\/de\/wp-json\/wp\/v2\/users\/31"}],"replies":[{"embeddable":true,"href":"https:\/\/www.albinfo.at\/de\/wp-json\/wp\/v2\/comments?post=919870"}],"version-history":[{"count":2,"href":"https:\/\/www.albinfo.at\/de\/wp-json\/wp\/v2\/posts\/919870\/revisions"}],"predecessor-version":[{"id":919872,"href":"https:\/\/www.albinfo.at\/de\/wp-json\/wp\/v2\/posts\/919870\/revisions\/919872"}],"wp:featuredmedia":[{"embeddable":true,"href":"https:\/\/www.albinfo.at\/de\/wp-json\/wp\/v2\/media\/919823"}],"wp:attachment":[{"href":"https:\/\/www.albinfo.at\/de\/wp-json\/wp\/v2\/media?parent=919870"}],"wp:term":[{"taxonomy":"category","embeddable":true,"href":"https:\/\/www.albinfo.at\/de\/wp-json\/wp\/v2\/categories?post=919870"},{"taxonomy":"post_tag","embeddable":true,"href":"https:\/\/www.albinfo.at\/de\/wp-json\/wp\/v2\/tags?post=919870"},{"taxonomy":"vendi","embeddable":true,"href":"https:\/\/www.albinfo.at\/de\/wp-json\/wp\/v2\/vendi?post=919870"},{"taxonomy":"content_country","embeddable":true,"href":"https:\/\/www.albinfo.at\/de\/wp-json\/wp\/v2\/content_country?post=919870"}],"curies":[{"name":"wp","href":"https:\/\/api.w.org\/{rel}","templated":true}]}}