{"id":919790,"date":"2026-04-30T19:53:40","date_gmt":"2026-04-30T17:53:40","guid":{"rendered":"https:\/\/www.albinfo.ch\/qendra-e-botimeve-per-diasporen-baze-per-ngritjen-e-agjencise-kombetare-per-gjuhen-shqipe\/"},"modified":"2026-05-01T00:16:02","modified_gmt":"2026-04-30T22:16:02","slug":"qendra-e-botimeve-per-diasporen-baze-per-ngritjen-e-agjencise-kombetare-per-gjuhen-shqipe","status":"publish","type":"post","link":"https:\/\/www.albinfo.at\/de\/qendra-e-botimeve-per-diasporen-baze-per-ngritjen-e-agjencise-kombetare-per-gjuhen-shqipe\/","title":{"rendered":"Albanien auf dem Weg zur Standardisierung des Albanischunterrichts in der Diaspora"},"content":{"rendered":"<p data-start=\"1273\" data-end=\"1512\">Albanien strebt einen wichtigen Schritt in Richtung Standardisierung des Unterrichts der albanischen Sprache in der Diaspora an. Dies wurde in einer Mitteilung des Zentrums f\u00fcr Publikationen f\u00fcr die Diaspora bekannt gegeben.<\/p>\n<p data-start=\"1514\" data-end=\"2135\">&#8220;Mit einem Treffen an der Fakult\u00e4t f\u00fcr Geschichte und Philologie unter der Schirmherrschaft des Bildungsministeriums will Albanien einen bedeutenden Schritt zur Standardisierung des Albanischunterrichts in der Diaspora erreichen. Das Zentrum f\u00fcr Publikationen f\u00fcr die Diaspora wird zu einer Referenzinstitution werden und als Grundlage f\u00fcr die Einrichtung der Nationalen Agentur f\u00fcr die albanische Sprache dienen, einer Struktur, die die Kenntnisse des Albanischen als Zweitsprache zertifizieren und den Unterricht in albanischen Schulen im Ausland standardisieren wird&#8221;, hei\u00dft es in der Mitteilung, berichtet albinfo.ch.<\/p>\n<p data-start=\"2137\" data-end=\"2363\">Es wird betont, dass dieses Projekt darauf abzielt, einen nachhaltigen, integrierten und messbaren Ansatz zur Bewahrung und Weiterentwicklung der albanischen Sprache in den Gemeinschaften au\u00dferhalb des Landes zu gew\u00e4hrleisten.<\/p>\n<p data-start=\"2365\" data-end=\"2629\" data-is-last-node=\"\" data-is-only-node=\"\">&#8220;Die Bildungsministerin Mirela Kumbaro betonte, dass diese Initiative die Notwendigkeit widerspiegelt, von einer Phase der Verteilung von Lehrmaterialien zu einem zertifizierten und international anerkannten Prozess \u00fcberzugehen&#8221;, hei\u00dft es weiter in der Mitteilung<\/p>\n","protected":false},"excerpt":{"rendered":"<p>Albanien strebt einen wichtigen Schritt in Richtung Standardisierung des Unterrichts der albanischen Sprache in der Diaspora an. Dies wurde in einer Mitteilung des Zentrums f\u00fcr Publikationen f\u00fcr die Diaspora bekannt gegeben. &#8220;Mit einem Treffen an der Fakult\u00e4t f\u00fcr Geschichte und Philologie unter der Schirmherrschaft des Bildungsministeriums will Albanien einen bedeutenden Schritt zur Standardisierung des Albanischunterrichts [&hellip;]<\/p>\n","protected":false},"author":45,"featured_media":919733,"comment_status":"closed","ping_status":"closed","sticky":false,"template":"","format":"standard","meta":{"footnotes":""},"categories":[24631,1133],"tags":[],"vendi":[],"content_country":[29888,31836,31837],"class_list":["post-919790","post","type-post","status-publish","format-standard","has-post-thumbnail","hentry","category-nachrichten-de-2","category-e-diaspora-de","content_country-zvicer","content_country-austria-de","content_country-germany-de"],"acf":[],"_links":{"self":[{"href":"https:\/\/www.albinfo.at\/de\/wp-json\/wp\/v2\/posts\/919790","targetHints":{"allow":["GET"]}}],"collection":[{"href":"https:\/\/www.albinfo.at\/de\/wp-json\/wp\/v2\/posts"}],"about":[{"href":"https:\/\/www.albinfo.at\/de\/wp-json\/wp\/v2\/types\/post"}],"author":[{"embeddable":true,"href":"https:\/\/www.albinfo.at\/de\/wp-json\/wp\/v2\/users\/45"}],"replies":[{"embeddable":true,"href":"https:\/\/www.albinfo.at\/de\/wp-json\/wp\/v2\/comments?post=919790"}],"version-history":[{"count":2,"href":"https:\/\/www.albinfo.at\/de\/wp-json\/wp\/v2\/posts\/919790\/revisions"}],"predecessor-version":[{"id":919792,"href":"https:\/\/www.albinfo.at\/de\/wp-json\/wp\/v2\/posts\/919790\/revisions\/919792"}],"wp:featuredmedia":[{"embeddable":true,"href":"https:\/\/www.albinfo.at\/de\/wp-json\/wp\/v2\/media\/919733"}],"wp:attachment":[{"href":"https:\/\/www.albinfo.at\/de\/wp-json\/wp\/v2\/media?parent=919790"}],"wp:term":[{"taxonomy":"category","embeddable":true,"href":"https:\/\/www.albinfo.at\/de\/wp-json\/wp\/v2\/categories?post=919790"},{"taxonomy":"post_tag","embeddable":true,"href":"https:\/\/www.albinfo.at\/de\/wp-json\/wp\/v2\/tags?post=919790"},{"taxonomy":"vendi","embeddable":true,"href":"https:\/\/www.albinfo.at\/de\/wp-json\/wp\/v2\/vendi?post=919790"},{"taxonomy":"content_country","embeddable":true,"href":"https:\/\/www.albinfo.at\/de\/wp-json\/wp\/v2\/content_country?post=919790"}],"curies":[{"name":"wp","href":"https:\/\/api.w.org\/{rel}","templated":true}]}}