{"id":919782,"date":"2026-04-30T18:52:51","date_gmt":"2026-04-30T16:52:51","guid":{"rendered":"https:\/\/www.albinfo.ch\/paris-kosova-prezantohet-ne-panairin-nderkombetar-foire-de-paris-2026\/"},"modified":"2026-05-01T00:08:50","modified_gmt":"2026-04-30T22:08:50","slug":"paris-kosova-prezantohet-ne-panairin-nderkombetar-foire-de-paris-2026","status":"publish","type":"post","link":"https:\/\/www.albinfo.at\/de\/paris-kosova-prezantohet-ne-panairin-nderkombetar-foire-de-paris-2026\/","title":{"rendered":"Paris, Kosovo pr\u00e4sentiert sich auf der internationalen Messe &#8220;Foire de Paris 2026&#8221;"},"content":{"rendered":"<div class=\"x14z9mp xat24cr x1lziwak x1vvkbs xtlvy1s x126k92a\">\n<div dir=\"auto\">\n<p data-start=\"1879\" data-end=\"2173\">Das Ministerium f\u00fcr Industrie, Unternehmertum, Handel und Innovation des Kosovo hat \u00fcber die Agentur f\u00fcr Investitionen und Unternehmensf\u00f6rderung KIESA die Teilnahme des Kosovo an der internationalen Messe &#8220;Foire de Paris 2026&#8221; organisiert, die in Paris in Frankreich stattfindet.<\/p>\n<p data-start=\"2175\" data-end=\"2542\">Auf der Messe, die vom 30 April bis 11 Mai 2026 l\u00e4uft, pr\u00e4sentiert sich der Kosovo mit einer eigenen Ausstellungsfl\u00e4che und stellt sein Potenzial in verschiedenen Bereichen vor, darunter Tourismus, Gastronomie, Lebensmittel und Getr\u00e4nkeindustrie, Investitionen, Export, Handwerk, Innovation sowie weitere wirtschaftliche und kulturelle Sektoren, berichtet albinfo.ch.<\/p>\n<p data-start=\"2544\" data-end=\"2768\">Laut Mitteilung zielt diese Pr\u00e4sentation darauf ab, den Kosovo als attraktives Reiseziel zu positionieren, indem die nat\u00fcrlichen Sch\u00f6nheiten, das kulturelle Erbe und das vielf\u00e4ltige touristische Angebot hervorgehoben werden.<\/p>\n<p data-start=\"2770\" data-end=\"3685\" data-is-last-node=\"\" data-is-only-node=\"\">&#8220;Gleichzeitig wird ein besonderer Schwerpunkt auf die F\u00f6rderung lokaler Produkte und Dienstleistungen gelegt, die als hochwertige Produkte mit gro\u00dfem Exportpotenzial auf internationalen M\u00e4rkten pr\u00e4sentiert werden. Die Teilnahme an der &#8220;Foire de Paris 2026&#8243; wird auch genutzt, um Kontakte mit internationalen Unternehmen, potenziellen Investoren und neuen Gesch\u00e4ftspartnern aufzubauen und zu vertiefen, mit dem Ziel, die wirtschaftliche Zusammenarbeit auszubauen, ein investitionsfreundliches Umfeld zu f\u00f6rdern und die Exporte aus dem Kosovo zu steigern. Diese internationale Messe versammelt Tausende von Ausstellern aus der ganzen Welt und umfasst eine breite Palette von Sektoren, darunter Produkte f\u00fcr Haushalt und Lebensstil, Gastronomie, Innovation, Kultur und kreative Industrien, und bietet damit eine wichtige Plattform zur F\u00f6rderung kosovarischer Produkte und Dienstleistungen&#8221;, hei\u00dft es in der Mitteilung.<\/p>\n<\/div>\n<\/div>\n","protected":false},"excerpt":{"rendered":"<p>Das Ministerium f\u00fcr Industrie, Unternehmertum, Handel und Innovation des Kosovo hat \u00fcber die Agentur f\u00fcr Investitionen und Unternehmensf\u00f6rderung KIESA die Teilnahme des Kosovo an der internationalen Messe &#8220;Foire de Paris 2026&#8221; organisiert, die in Paris in Frankreich stattfindet. Auf der Messe, die vom 30 April bis 11 Mai 2026 l\u00e4uft, pr\u00e4sentiert sich der Kosovo mit [&hellip;]<\/p>\n","protected":false},"author":45,"featured_media":919619,"comment_status":"closed","ping_status":"closed","sticky":false,"template":"","format":"standard","meta":{"footnotes":""},"categories":[24631],"tags":[],"vendi":[],"content_country":[29888,31836,31837],"class_list":["post-919782","post","type-post","status-publish","format-standard","has-post-thumbnail","hentry","category-nachrichten-de-2","content_country-zvicer","content_country-austria-de","content_country-germany-de"],"acf":[],"_links":{"self":[{"href":"https:\/\/www.albinfo.at\/de\/wp-json\/wp\/v2\/posts\/919782","targetHints":{"allow":["GET"]}}],"collection":[{"href":"https:\/\/www.albinfo.at\/de\/wp-json\/wp\/v2\/posts"}],"about":[{"href":"https:\/\/www.albinfo.at\/de\/wp-json\/wp\/v2\/types\/post"}],"author":[{"embeddable":true,"href":"https:\/\/www.albinfo.at\/de\/wp-json\/wp\/v2\/users\/45"}],"replies":[{"embeddable":true,"href":"https:\/\/www.albinfo.at\/de\/wp-json\/wp\/v2\/comments?post=919782"}],"version-history":[{"count":2,"href":"https:\/\/www.albinfo.at\/de\/wp-json\/wp\/v2\/posts\/919782\/revisions"}],"predecessor-version":[{"id":919784,"href":"https:\/\/www.albinfo.at\/de\/wp-json\/wp\/v2\/posts\/919782\/revisions\/919784"}],"wp:featuredmedia":[{"embeddable":true,"href":"https:\/\/www.albinfo.at\/de\/wp-json\/wp\/v2\/media\/919619"}],"wp:attachment":[{"href":"https:\/\/www.albinfo.at\/de\/wp-json\/wp\/v2\/media?parent=919782"}],"wp:term":[{"taxonomy":"category","embeddable":true,"href":"https:\/\/www.albinfo.at\/de\/wp-json\/wp\/v2\/categories?post=919782"},{"taxonomy":"post_tag","embeddable":true,"href":"https:\/\/www.albinfo.at\/de\/wp-json\/wp\/v2\/tags?post=919782"},{"taxonomy":"vendi","embeddable":true,"href":"https:\/\/www.albinfo.at\/de\/wp-json\/wp\/v2\/vendi?post=919782"},{"taxonomy":"content_country","embeddable":true,"href":"https:\/\/www.albinfo.at\/de\/wp-json\/wp\/v2\/content_country?post=919782"}],"curies":[{"name":"wp","href":"https:\/\/api.w.org\/{rel}","templated":true}]}}