{"id":919761,"date":"2026-04-30T16:46:35","date_gmt":"2026-04-30T14:46:35","guid":{"rendered":"https:\/\/www.albinfo.ch\/komandanti-i-kfor-it-qe-nga-tetori-i-kaluar-situata-ne-kosove-eshte-e-qete\/"},"modified":"2026-04-30T23:53:07","modified_gmt":"2026-04-30T21:53:07","slug":"komandanti-i-kfor-it-qe-nga-tetori-i-kaluar-situata-ne-kosove-eshte-e-qete","status":"publish","type":"post","link":"https:\/\/www.albinfo.at\/de\/komandanti-i-kfor-it-qe-nga-tetori-i-kaluar-situata-ne-kosove-eshte-e-qete\/","title":{"rendered":"Der KFOR Kommandant, seit Oktober letzten Jahres ist die Lage im Kosovo ruhig"},"content":{"rendered":"<p data-start=\"1805\" data-end=\"2098\">In einer Erkl\u00e4rung erkl\u00e4rte der KFOR Kommandant Ozkan Ulutash, dass die Sicherheitslage im Kosovo seit Oktober 2025 insgesamt ruhig ist, auch wenn sie weiterhin fragil bleibt und das Potenzial f\u00fcr neue Spannungen besteht, insbesondere im Norden des Landes, berichtet albinfo.ch.<\/p>\n<p data-start=\"2100\" data-end=\"2414\">Bei einem Briefing f\u00fcr die Botschafter der NATO Verb\u00fcndeten und Partner in Br\u00fcssel am Mittwoch betonte Ulutash, dass die NATO weiterhin die t\u00e4glichen Bem\u00fchungen der KFOR unterst\u00fctzt, um ein sicheres und stabiles Umfeld f\u00fcr alle Gemeinschaften im Kosovo zu gew\u00e4hrleisten sowie die Bewegungsfreiheit sicherzustellen.<\/p>\n<p data-start=\"2416\" data-end=\"2523\">Ulutash erkl\u00e4rte, dass im Norden keine erneute Gewalt beobachtet wurde, wie dies im Jahr 2023 der Fall war.<\/p>\n<p data-start=\"2525\" data-end=\"2821\">&#8220;Seit Oktober 2025 haben wir festgestellt, dass die Lage insgesamt ruhig ist. Dennoch bleibt sie fragil, mit dem Potenzial f\u00fcr neue Spannungen, insbesondere im Norden&#8221;, betonte er und f\u00fcgte hinzu, dass die Hauptpriorit\u00e4t weiterhin die Aufrechterhaltung der Stabilit\u00e4t f\u00fcr alle Gemeinschaften ist.<\/p>\n<p data-start=\"2823\" data-end=\"3124\">Ulutash unterstrich, dass die KFOR eine sichtbare, reaktionsf\u00e4hige und flexible Pr\u00e4senz vor Ort aufrechterh\u00e4lt, um auf jede Entwicklung reagieren zu k\u00f6nnen, die die Sicherheit im Kosovo und die regionale Stabilit\u00e4t beeinflussen k\u00f6nnte, sowie um Spannungen bei Anzeichen einer Eskalation zu reduzieren.<\/p>\n<p data-start=\"3126\" data-end=\"3344\">Er \u00e4u\u00dferte seine Dankbarkeit gegen\u00fcber den NATO Verb\u00fcndeten und Partnern f\u00fcr ihre kontinuierliche Unterst\u00fctzung und betonte, dass die KFOR weiterhin verpflichtet ist, ihr Mandat vollst\u00e4ndig und unparteiisch umzusetzen.<\/p>\n<p data-start=\"3346\" data-end=\"3629\" data-is-last-node=\"\" data-is-only-node=\"\">Gleichzeitig machte der KFOR Kommandant deutlich, dass die Mission weiterhin enge Kontakte zu allen relevanten Akteuren pflegt und den von der Europ\u00e4ischen Union vermittelten Dialog zur Normalisierung der Beziehungen zwischen Belgrad und Pristina als einzigen L\u00f6sungsweg unterst\u00fctzt.<\/p>\n","protected":false},"excerpt":{"rendered":"<p>In einer Erkl\u00e4rung erkl\u00e4rte der KFOR Kommandant Ozkan Ulutash, dass die Sicherheitslage im Kosovo seit Oktober 2025 insgesamt ruhig ist, auch wenn sie weiterhin fragil bleibt und das Potenzial f\u00fcr neue Spannungen besteht, insbesondere im Norden des Landes, berichtet albinfo.ch. Bei einem Briefing f\u00fcr die Botschafter der NATO Verb\u00fcndeten und Partner in Br\u00fcssel am Mittwoch [&hellip;]<\/p>\n","protected":false},"author":31,"featured_media":919549,"comment_status":"closed","ping_status":"closed","sticky":false,"template":"","format":"standard","meta":{"footnotes":""},"categories":[23263,3952,23262,24631,1129],"tags":[],"vendi":[],"content_country":[29888,31836,31837],"class_list":["post-919761","post","type-post","status-publish","format-standard","has-post-thumbnail","hentry","category-kosova-de-2","category-kosova-de","category-at-balkani-de","category-nachrichten-de-2","category-ch-balkan","content_country-zvicer","content_country-austria-de","content_country-germany-de"],"acf":[],"_links":{"self":[{"href":"https:\/\/www.albinfo.at\/de\/wp-json\/wp\/v2\/posts\/919761","targetHints":{"allow":["GET"]}}],"collection":[{"href":"https:\/\/www.albinfo.at\/de\/wp-json\/wp\/v2\/posts"}],"about":[{"href":"https:\/\/www.albinfo.at\/de\/wp-json\/wp\/v2\/types\/post"}],"author":[{"embeddable":true,"href":"https:\/\/www.albinfo.at\/de\/wp-json\/wp\/v2\/users\/31"}],"replies":[{"embeddable":true,"href":"https:\/\/www.albinfo.at\/de\/wp-json\/wp\/v2\/comments?post=919761"}],"version-history":[{"count":2,"href":"https:\/\/www.albinfo.at\/de\/wp-json\/wp\/v2\/posts\/919761\/revisions"}],"predecessor-version":[{"id":919766,"href":"https:\/\/www.albinfo.at\/de\/wp-json\/wp\/v2\/posts\/919761\/revisions\/919766"}],"wp:featuredmedia":[{"embeddable":true,"href":"https:\/\/www.albinfo.at\/de\/wp-json\/wp\/v2\/media\/919549"}],"wp:attachment":[{"href":"https:\/\/www.albinfo.at\/de\/wp-json\/wp\/v2\/media?parent=919761"}],"wp:term":[{"taxonomy":"category","embeddable":true,"href":"https:\/\/www.albinfo.at\/de\/wp-json\/wp\/v2\/categories?post=919761"},{"taxonomy":"post_tag","embeddable":true,"href":"https:\/\/www.albinfo.at\/de\/wp-json\/wp\/v2\/tags?post=919761"},{"taxonomy":"vendi","embeddable":true,"href":"https:\/\/www.albinfo.at\/de\/wp-json\/wp\/v2\/vendi?post=919761"},{"taxonomy":"content_country","embeddable":true,"href":"https:\/\/www.albinfo.at\/de\/wp-json\/wp\/v2\/content_country?post=919761"}],"curies":[{"name":"wp","href":"https:\/\/api.w.org\/{rel}","templated":true}]}}