{"id":919752,"date":"2026-04-30T15:57:48","date_gmt":"2026-04-30T13:57:48","guid":{"rendered":"https:\/\/www.albinfo.ch\/art-without-limit-international-film-festival-per-here-te-pare-ne-austri\/"},"modified":"2026-04-30T23:41:43","modified_gmt":"2026-04-30T21:41:43","slug":"art-without-limit-international-film-festival-per-here-te-pare-ne-austri","status":"publish","type":"post","link":"https:\/\/www.albinfo.at\/de\/art-without-limit-international-film-festival-per-here-te-pare-ne-austri\/","title":{"rendered":"Das &#8220;Art Without Limit International Film Festival&#8221; findet erstmals in \u00d6sterreich statt"},"content":{"rendered":"<p data-start=\"0\" data-end=\"230\">Le festival international de cin\u00e9ma &#8220;Art Without Limit International Film Festival&#8221; sera pr\u00e9sent\u00e9 pour la premi\u00e8re fois en Autriche avec une soir\u00e9e sp\u00e9ciale intitul\u00e9e &#8220;Best Of Art Without Limit&#8221;, rapporte albinfo.at.<\/p>\n<p data-start=\"232\" data-end=\"624\">\u00c0 l\u2019approche de cet \u00e9v\u00e9nement, l\u2019Ambassade de la R\u00e9publique du Kosovo \u00e0 Vienne a accueilli les repr\u00e9sentants du festival lors d\u2019une rencontre officielle. \u00c9taient pr\u00e9sents Michael Stoeger, manager du festival en Autriche, Ganimete Sava, directrice ex\u00e9cutive, Burim Haliti, directeur artistique, ainsi que le pianiste Unik Ukshini, qui fera partie de la performance artistique durant la soir\u00e9e.<\/p>\n<p data-start=\"626\" data-end=\"862\">Le charg\u00e9 d\u2019affaires de l\u2019Ambassade du Kosovo en Autriche, Albinot Bimbashi, a exprim\u00e9 son accueil envers l\u2019\u00e9quipe organisatrice, en soulignant l\u2019importance de la promotion de la culture et de l\u2019art kosovars sur la sc\u00e8ne internationale.<\/p>\n<p data-start=\"864\" data-end=\"1158\">Apr\u00e8s le succ\u00e8s rencontr\u00e9 au Kosovo et dans plusieurs autres pays, le festival pr\u00e9sentera \u00e0 Vienne une s\u00e9lection de courts m\u00e9trages prim\u00e9s dans des festivals internationaux. L\u2019un des moments forts de la soir\u00e9e sera la projection du court m\u00e9trage kosovar &#8220;Sara&#8221;, produit par &#8220;Art Without Limit&#8221;.<\/p>\n<p data-start=\"1160\" data-end=\"1401\">L\u2019\u00e9v\u00e9nement aura lieu le 1 mai au Quartier Wolkersdorf Vienna, \u00e0 l\u2019adresse Kirchenpl. 1A, 2120 Wolkersdorf im Weinviertel. L\u2019ouverture des portes et l\u2019exposition d\u00e9buteront \u00e0 16:30, tandis que les projections de films commenceront \u00e0 18:30.\/Albinfo.at<\/p>\n<p><img loading=\"lazy\" decoding=\"async\" class=\"\" src=\"https:\/\/scontent.fprn10-1.fna.fbcdn.net\/v\/t39.30808-6\/684242338_1329055215947952_6656306352901971731_n.jpg?_nc_cat=100&amp;ccb=1-7&amp;_nc_sid=13d280&amp;_nc_ohc=PNyLi37-yRsQ7kNvwEwHgIJ&amp;_nc_oc=AdpMZcOEtmN1aWkCNjuV-WfOs-HYN49TYw6H0AcqRli7wUYZ427899fjkusmaY0COXg&amp;_nc_zt=23&amp;_nc_ht=scontent.fprn10-1.fna&amp;_nc_gid=NkDY0ibxjF4ljFVNUyUIWg&amp;_nc_ss=7b2a8&amp;oh=00_Af05Gwkx97DAucS86mzS6ZkssgS2ENjc4SWvD6q5ILGXkA&amp;oe=69F908DC\" alt=\"Mund t\u00eb jet\u00eb nj\u00eb ilustrim i bi\u00e7iklet\u00eb dhe teksti q\u00eb thot\u00eb &quot;Starke Stimmen Wahre Geschichten Gelebte Inklusion presonted Kulturwolke Tickets: www. .kulturwolke.at &amp; B\u00fcrgerservice Wolkersdorf best of ART WITHOUT LIMIT INTERNATIONAL FILM FESTIVAL 18:30 internationale, pr\u00e4mierte Kurzfilme 16:30 Einlass zur Ausstellung imFoyer im Foyer 1.MA Quartier Wolkersdorf bapdiecefoei! bacciere Kirchenplatz 1A 2120 Wolkersdorfir Weinviertel Publikums- Gespr\u00e4che GERIN M:Dkgukkukin JURACZKA \u30b1 VZIV Bundesverband FirMensshenri Eelindhrungen prominente G\u00e4ste HUMANOCARE Warw:nsater.con WE&amp;ME ME ArtWithoutLimit Paatocies ottobock. K. Glot21 SAPHENUS MVG aquamarin doc. doc.films&quot;\" width=\"503\" height=\"697\" \/><\/p>\n","protected":false},"excerpt":{"rendered":"<p>Das internationale Festival aus dem Kosovo bringt in Wien einen besonderen Abend mit Kurzfilmen und musikalischer Performance<\/p>\n","protected":false},"author":31,"featured_media":919577,"comment_status":"closed","ping_status":"closed","sticky":false,"template":"","format":"standard","meta":{"footnotes":""},"categories":[24636,24665,22803,23120,24631,1133,1138],"tags":[],"vendi":[],"content_country":[29888,31836,31837],"class_list":["post-919752","post","type-post","status-publish","format-standard","has-post-thumbnail","hentry","category-nachrichten-de-4","category-kino","category-leben-in-osterreich-de","category-nachrichten","category-nachrichten-de-2","category-e-diaspora-de","category-kultur","content_country-zvicer","content_country-austria-de","content_country-germany-de"],"acf":[],"_links":{"self":[{"href":"https:\/\/www.albinfo.at\/de\/wp-json\/wp\/v2\/posts\/919752","targetHints":{"allow":["GET"]}}],"collection":[{"href":"https:\/\/www.albinfo.at\/de\/wp-json\/wp\/v2\/posts"}],"about":[{"href":"https:\/\/www.albinfo.at\/de\/wp-json\/wp\/v2\/types\/post"}],"author":[{"embeddable":true,"href":"https:\/\/www.albinfo.at\/de\/wp-json\/wp\/v2\/users\/31"}],"replies":[{"embeddable":true,"href":"https:\/\/www.albinfo.at\/de\/wp-json\/wp\/v2\/comments?post=919752"}],"version-history":[{"count":2,"href":"https:\/\/www.albinfo.at\/de\/wp-json\/wp\/v2\/posts\/919752\/revisions"}],"predecessor-version":[{"id":919754,"href":"https:\/\/www.albinfo.at\/de\/wp-json\/wp\/v2\/posts\/919752\/revisions\/919754"}],"wp:featuredmedia":[{"embeddable":true,"href":"https:\/\/www.albinfo.at\/de\/wp-json\/wp\/v2\/media\/919577"}],"wp:attachment":[{"href":"https:\/\/www.albinfo.at\/de\/wp-json\/wp\/v2\/media?parent=919752"}],"wp:term":[{"taxonomy":"category","embeddable":true,"href":"https:\/\/www.albinfo.at\/de\/wp-json\/wp\/v2\/categories?post=919752"},{"taxonomy":"post_tag","embeddable":true,"href":"https:\/\/www.albinfo.at\/de\/wp-json\/wp\/v2\/tags?post=919752"},{"taxonomy":"vendi","embeddable":true,"href":"https:\/\/www.albinfo.at\/de\/wp-json\/wp\/v2\/vendi?post=919752"},{"taxonomy":"content_country","embeddable":true,"href":"https:\/\/www.albinfo.at\/de\/wp-json\/wp\/v2\/content_country?post=919752"}],"curies":[{"name":"wp","href":"https:\/\/api.w.org\/{rel}","templated":true}]}}