{"id":919744,"date":"2026-04-30T14:55:31","date_gmt":"2026-04-30T12:55:31","guid":{"rendered":"https:\/\/www.albinfo.ch\/kosova-shkelqen-ne-emo-2026-ajan-hajrullahu-fiton-medaljen-e-bronzte-ne-lituani\/"},"modified":"2026-04-30T23:28:18","modified_gmt":"2026-04-30T21:28:18","slug":"kosova-shkelqen-ne-emo-2026-ajan-hajrullahu-fiton-medaljen-e-bronzte-ne-lituani","status":"publish","type":"post","link":"https:\/\/www.albinfo.at\/de\/kosova-shkelqen-ne-emo-2026-ajan-hajrullahu-fiton-medaljen-e-bronzte-ne-lituani\/","title":{"rendered":"Kosovo gl\u00e4nzt bei der EMO 2026, Ajan Hajrullahu gewinnt die Bronzemedaille in Litauen"},"content":{"rendered":"<p data-start=\"1894\" data-end=\"2248\">Der Sch\u00fcler Ajan Hajrullahu hat die Bronzemedaille bei der Europ\u00e4ischen Mathematik Olympiade EMO 2026 gewonnen, die in Vilnius in Litauen stattfand, w\u00e4hrend das Team des Kosovo zudem zwei Ehrenauszeichnungen erhielt, gewonnen von Lyron Celina und Vesa Xhymshiti, teilt die Vereinigung der Mathematiker des Kosovo mit, berichtet albinfo.ch.<\/p>\n<p data-start=\"2250\" data-end=\"2470\">&#8220;Die Vereinigung der Mathematiker des Kosovo gratuliert dem Sch\u00fcler Ajan Hajrullahu zu seinem Erfolg und zu der w\u00fcrdigen Vertretung des Staates Kosovo bei dieser prestigetr\u00e4chtigen Olympiade&#8221;, hei\u00dft es in der Mitteilung.<\/p>\n<p data-start=\"2472\" data-end=\"2652\">Ajan Hajrullahu ist Sch\u00fcler der 12 Klasse, Lyron Celina der 11 Klasse, w\u00e4hrend Vesa Xhymshiti die 8 Klasse besucht, alle drei von der Schule &#8220;New York School of Science in Kosova&#8221;.<\/p>\n<p data-start=\"2654\" data-end=\"2806\">Die Vereinigung betont, dass die EMO eine der wichtigsten europ\u00e4ischen Mathematikwettbewerbe ist, an denen die besten Sch\u00fcler des Kontinents teilnehmen.<\/p>\n<p data-start=\"2808\" data-end=\"3103\">Die Olympiade fand vom 23 bis 29 April 2026 statt, w\u00e4hrend die Pr\u00fcfungen am 25 und 26 April abgehalten wurden, jeweils mit einer Dauer von viereinhalb Stunden. Laut der Vereinigung wurden zwei Aufgaben des Tests vom Team des Kosovo vorgeschlagen, mit den Autoren Dorlir Ahmeti und Haris Shaqiri.<\/p>\n<p data-start=\"3105\" data-end=\"3332\">&#8220;Die Auswahl von Aufgaben, die vom Kosovo in einem so prestigetr\u00e4chtigen Wettbewerb vorgeschlagen wurden, zeigt das hohe professionelle Niveau und die mathematische Kreativit\u00e4t unserer Gemeinschaft&#8221;, hei\u00dft es in der Mitteilung.<\/p>\n<p data-start=\"3334\" data-end=\"3538\">Dar\u00fcber hinaus erhielt Vesa Xhymshiti auch eine Ehrenauszeichnung bei der Europ\u00e4ischen Mathematik Olympiade f\u00fcr M\u00e4dchen EGMO 2026 in Frankreich, wo sie nur zwei Punkte von der Bronzemedaille entfernt war.<\/p>\n<p data-start=\"3540\" data-end=\"3780\" data-is-last-node=\"\" data-is-only-node=\"\">Die Vereinigung der Mathematiker des Kosovo gab bekannt, dass sie weiterhin junge Talente im Bereich Mathematik unterst\u00fctzen wird, mit dem Ziel, eine m\u00f6glichst w\u00fcrdige Vertretung des Kosovo bei internationalen Wettbewerben zu gew\u00e4hrleisten.\/Albinfo.ch<\/p>\n","protected":false},"excerpt":{"rendered":"<p>Ajan Hajrullahu hat die Bronzemedaille bei der Europ\u00e4ischen Mathematik Olympiade EMO 2026 gewonnen, die in Vilnius in Litauen stattfand<\/p>\n","protected":false},"author":31,"featured_media":919558,"comment_status":"closed","ping_status":"closed","sticky":false,"template":"","format":"standard","meta":{"footnotes":""},"categories":[23263,24636,3952,23262,24631,1129,1133],"tags":[],"vendi":[],"content_country":[29888,31836,31837],"class_list":["post-919744","post","type-post","status-publish","format-standard","has-post-thumbnail","hentry","category-kosova-de-2","category-nachrichten-de-4","category-kosova-de","category-at-balkani-de","category-nachrichten-de-2","category-ch-balkan","category-e-diaspora-de","content_country-zvicer","content_country-austria-de","content_country-germany-de"],"acf":[],"_links":{"self":[{"href":"https:\/\/www.albinfo.at\/de\/wp-json\/wp\/v2\/posts\/919744","targetHints":{"allow":["GET"]}}],"collection":[{"href":"https:\/\/www.albinfo.at\/de\/wp-json\/wp\/v2\/posts"}],"about":[{"href":"https:\/\/www.albinfo.at\/de\/wp-json\/wp\/v2\/types\/post"}],"author":[{"embeddable":true,"href":"https:\/\/www.albinfo.at\/de\/wp-json\/wp\/v2\/users\/31"}],"replies":[{"embeddable":true,"href":"https:\/\/www.albinfo.at\/de\/wp-json\/wp\/v2\/comments?post=919744"}],"version-history":[{"count":2,"href":"https:\/\/www.albinfo.at\/de\/wp-json\/wp\/v2\/posts\/919744\/revisions"}],"predecessor-version":[{"id":919746,"href":"https:\/\/www.albinfo.at\/de\/wp-json\/wp\/v2\/posts\/919744\/revisions\/919746"}],"wp:featuredmedia":[{"embeddable":true,"href":"https:\/\/www.albinfo.at\/de\/wp-json\/wp\/v2\/media\/919558"}],"wp:attachment":[{"href":"https:\/\/www.albinfo.at\/de\/wp-json\/wp\/v2\/media?parent=919744"}],"wp:term":[{"taxonomy":"category","embeddable":true,"href":"https:\/\/www.albinfo.at\/de\/wp-json\/wp\/v2\/categories?post=919744"},{"taxonomy":"post_tag","embeddable":true,"href":"https:\/\/www.albinfo.at\/de\/wp-json\/wp\/v2\/tags?post=919744"},{"taxonomy":"vendi","embeddable":true,"href":"https:\/\/www.albinfo.at\/de\/wp-json\/wp\/v2\/vendi?post=919744"},{"taxonomy":"content_country","embeddable":true,"href":"https:\/\/www.albinfo.at\/de\/wp-json\/wp\/v2\/content_country?post=919744"}],"curies":[{"name":"wp","href":"https:\/\/api.w.org\/{rel}","templated":true}]}}