{"id":919736,"date":"2026-04-30T11:49:37","date_gmt":"2026-04-30T09:49:37","guid":{"rendered":"https:\/\/www.albinfo.ch\/prezentohen-zyrtarisht-skena-dhe-risite-e-eurovision-2026-ne-vjene\/"},"modified":"2026-04-30T23:14:36","modified_gmt":"2026-04-30T21:14:36","slug":"prezentohen-zyrtarisht-skena-dhe-risite-e-eurovision-2026-ne-vjene","status":"publish","type":"post","link":"https:\/\/www.albinfo.at\/de\/prezentohen-zyrtarisht-skena-dhe-risite-e-eurovision-2026-ne-vjene\/","title":{"rendered":"Die B\u00fchne und die Neuerungen des Eurovision 2026 in Wien werden offiziell vorgestellt"},"content":{"rendered":"<p data-start=\"1611\" data-end=\"1793\">Die B\u00fchne der 70 Ausgabe des Eurovision Song Contest wurde offiziell bei einer besonderen Zeremonie in der Wiener Stadthalle in Wien vorgestellt, berichtet albinfo.ch.<\/p>\n<p data-start=\"1795\" data-end=\"1984\">Die Zeremonie wurde vom \u00f6sterreichischen Bundespr\u00e4sidenten Alexander Van der Bellen er\u00f6ffnet, der den Eurovision als ein Fest der Vielfalt und der kulturellen Einheit in Europa bezeichnete.<\/p>\n<p data-start=\"1986\" data-end=\"2377\">Die diesj\u00e4hrige B\u00fchne wurde vom \u00f6sterreichischen \u00f6ffentlich rechtlichen Sender ORF in Zusammenarbeit mit den Organisationsteams gebaut und gilt als eines der gr\u00f6\u00dften technischen Projekte in der Geschichte des Festivals. Sie erstreckt sich \u00fcber etwa 2000 Quadratmeter und wiegt rund 210 Tonnen. F\u00fcr ihre Umsetzung waren etwa 300 Personen mehrere Tage intensiv im Einsatz, berichtet Zeri.info.<\/p>\n<p data-start=\"2379\" data-end=\"2598\">Die Organisatoren teilten mit, dass beim Bau mehr als 5000 Quadratmeter recycelbare Materialien verwendet wurden sowie ein fortschrittliches Beleuchtungssystem mit 2135 Ger\u00e4ten und \u00fcber 8500 individuell steuerbaren LED.<\/p>\n<p data-start=\"2600\" data-end=\"2807\">Eine der wichtigsten Neuerungen dieser Ausgabe ist der Einsatz der kinematografischen Kameras &#8220;ARRI Alexa 35&#8221;, die ein filmischeres und visuell fortschrittlicheres Bild der Live Auftritte erm\u00f6glichen sollen.<\/p>\n<p data-start=\"2809\" data-end=\"2998\">Laut den Produzenten wird die von Florian Wieder und Tim Routledge entworfene B\u00fchne den K\u00fcnstlern aus 35 teilnehmenden L\u00e4ndern neue kreative M\u00f6glichkeiten f\u00fcr dynamischere Auftritte bieten.<\/p>\n<p data-start=\"3000\" data-end=\"3126\" data-is-last-node=\"\" data-is-only-node=\"\">Die offiziellen Proben mit den K\u00fcnstlern beginnen Anfang Mai, vor den Live Shows, die am 12, 14 und 16 Mai stattfinden werden.\/Albinfo.ch<\/p>\n","protected":false},"excerpt":{"rendered":"<p>In der Wiener Stadthalle wurde die B\u00fchne der 70 Ausgabe des Eurovision enth\u00fcllt, die als eines der gr\u00f6\u00dften technischen Projekte in der Geschichte des Festivals gilt<\/p>\n","protected":false},"author":31,"featured_media":919522,"comment_status":"closed","ping_status":"closed","sticky":false,"template":"","format":"standard","meta":{"footnotes":""},"categories":[24659,22803,23120,24631,1138],"tags":[],"vendi":[],"content_country":[29888,31836,31837],"class_list":["post-919736","post","type-post","status-publish","format-standard","has-post-thumbnail","hentry","category-musik","category-leben-in-osterreich-de","category-nachrichten","category-nachrichten-de-2","category-kultur","content_country-zvicer","content_country-austria-de","content_country-germany-de"],"acf":[],"_links":{"self":[{"href":"https:\/\/www.albinfo.at\/de\/wp-json\/wp\/v2\/posts\/919736","targetHints":{"allow":["GET"]}}],"collection":[{"href":"https:\/\/www.albinfo.at\/de\/wp-json\/wp\/v2\/posts"}],"about":[{"href":"https:\/\/www.albinfo.at\/de\/wp-json\/wp\/v2\/types\/post"}],"author":[{"embeddable":true,"href":"https:\/\/www.albinfo.at\/de\/wp-json\/wp\/v2\/users\/31"}],"replies":[{"embeddable":true,"href":"https:\/\/www.albinfo.at\/de\/wp-json\/wp\/v2\/comments?post=919736"}],"version-history":[{"count":2,"href":"https:\/\/www.albinfo.at\/de\/wp-json\/wp\/v2\/posts\/919736\/revisions"}],"predecessor-version":[{"id":919738,"href":"https:\/\/www.albinfo.at\/de\/wp-json\/wp\/v2\/posts\/919736\/revisions\/919738"}],"wp:featuredmedia":[{"embeddable":true,"href":"https:\/\/www.albinfo.at\/de\/wp-json\/wp\/v2\/media\/919522"}],"wp:attachment":[{"href":"https:\/\/www.albinfo.at\/de\/wp-json\/wp\/v2\/media?parent=919736"}],"wp:term":[{"taxonomy":"category","embeddable":true,"href":"https:\/\/www.albinfo.at\/de\/wp-json\/wp\/v2\/categories?post=919736"},{"taxonomy":"post_tag","embeddable":true,"href":"https:\/\/www.albinfo.at\/de\/wp-json\/wp\/v2\/tags?post=919736"},{"taxonomy":"vendi","embeddable":true,"href":"https:\/\/www.albinfo.at\/de\/wp-json\/wp\/v2\/vendi?post=919736"},{"taxonomy":"content_country","embeddable":true,"href":"https:\/\/www.albinfo.at\/de\/wp-json\/wp\/v2\/content_country?post=919736"}],"curies":[{"name":"wp","href":"https:\/\/api.w.org\/{rel}","templated":true}]}}