{"id":919696,"date":"2026-04-30T09:45:37","date_gmt":"2026-04-30T07:45:37","guid":{"rendered":"https:\/\/www.albinfo.ch\/alesia-shqiptarja-nga-firence-qe-spikat-ne-fushen-e-inxhinierise-biomjekesore-dhe-inteligjences-artificiale\/"},"modified":"2026-04-30T22:36:35","modified_gmt":"2026-04-30T20:36:35","slug":"alesia-shqiptarja-nga-firence-qe-spikat-ne-fushen-e-inxhinierise-biomjekesore-dhe-inteligjences-artificiale","status":"publish","type":"post","link":"https:\/\/www.albinfo.at\/de\/alesia-shqiptarja-nga-firence-qe-spikat-ne-fushen-e-inxhinierise-biomjekesore-dhe-inteligjences-artificiale\/","title":{"rendered":"Alesia, die Albanerin aus Florenz, die sich im Bereich der biomedizinischen Ingenieurwissenschaft und der k\u00fcnstlichen Intelligenz hervorhebt"},"content":{"rendered":"<p data-start=\"1288\" data-end=\"1509\">Alesia Tahsinit, eine 24 j\u00e4hrige Albanerin, die in Florenz geboren und aufgewachsen ist, baut eine vielversprechende Karriere im Bereich der biomedizinischen Ingenieurwissenschaft auf, berichtet albinfo.ch.<\/p>\n<p data-start=\"1511\" data-end=\"1782\">Alesia betont, dass sie ihre albanische Identit\u00e4t mit Stolz bewahrt und sich stets als Albanerin aus Vlora vorstellt. Ihre Eltern wanderten Ende der 90er Jahre aus und begannen in Italien alles von Grund auf neu, ein Opfer, das sie als Grundlage ihres Erfolgs betrachtet.<\/p>\n<p data-start=\"1784\" data-end=\"2048\">Derzeit absolviert sie ein Masterstudium und spezialisiert sich auf personalisierte Medizin und regenerative Ingenieurwissenschaften. Sie arbeitet an Projekten, die 3D Analysen von Organen umfassen, um Chirurgen bei der Identifizierung von Tumoren zu unterst\u00fctzen.<\/p>\n<p data-start=\"2050\" data-end=\"2252\">Neben ihrem Studium arbeitet Alesia auch als Lehrerin in den Bereichen STEM und k\u00fcnstliche Intelligenz und betont, dass Technologie eine gro\u00dfe Hilfe ist, jedoch das kritische Denken nicht ersetzen darf.<\/p>\n<p data-start=\"2254\" data-end=\"2544\" data-is-last-node=\"\" data-is-only-node=\"\">Obwohl sie in Italien lebt, kehrt sie h\u00e4ufig nach Albanien zur\u00fcck und \u00e4u\u00dfert Bedenken hinsichtlich der Erhaltung der albanischen Sprache bei den j\u00fcngeren Generationen der Diaspora. In Zukunft m\u00f6chte sie Universit\u00e4tsdozentin werden und ein Startup im Bereich Technologie und Medizin gr\u00fcnden.\/Albinfo.ch<\/p>\n","protected":false},"excerpt":{"rendered":"<p>Die 24 j\u00e4hrige Albanerin zeichnet sich in Italien im Bereich der biomedizinischen Ingenieurwissenschaft und der k\u00fcnstlichen Intelligenz aus<\/p>\n","protected":false},"author":31,"featured_media":919504,"comment_status":"closed","ping_status":"closed","sticky":false,"template":"","format":"standard","meta":{"footnotes":""},"categories":[24636,1134,1135,24631,24691,24695,1133],"tags":[],"vendi":[],"content_country":[29888,31836,31837],"class_list":["post-919696","post","type-post","status-publish","format-standard","has-post-thumbnail","hentry","category-nachrichten-de-4","category-integration","category-frauen","category-nachrichten-de-2","category-kuriositaeten","category-autotech-de","category-e-diaspora-de","content_country-zvicer","content_country-austria-de","content_country-germany-de"],"acf":[],"_links":{"self":[{"href":"https:\/\/www.albinfo.at\/de\/wp-json\/wp\/v2\/posts\/919696","targetHints":{"allow":["GET"]}}],"collection":[{"href":"https:\/\/www.albinfo.at\/de\/wp-json\/wp\/v2\/posts"}],"about":[{"href":"https:\/\/www.albinfo.at\/de\/wp-json\/wp\/v2\/types\/post"}],"author":[{"embeddable":true,"href":"https:\/\/www.albinfo.at\/de\/wp-json\/wp\/v2\/users\/31"}],"replies":[{"embeddable":true,"href":"https:\/\/www.albinfo.at\/de\/wp-json\/wp\/v2\/comments?post=919696"}],"version-history":[{"count":2,"href":"https:\/\/www.albinfo.at\/de\/wp-json\/wp\/v2\/posts\/919696\/revisions"}],"predecessor-version":[{"id":919698,"href":"https:\/\/www.albinfo.at\/de\/wp-json\/wp\/v2\/posts\/919696\/revisions\/919698"}],"wp:featuredmedia":[{"embeddable":true,"href":"https:\/\/www.albinfo.at\/de\/wp-json\/wp\/v2\/media\/919504"}],"wp:attachment":[{"href":"https:\/\/www.albinfo.at\/de\/wp-json\/wp\/v2\/media?parent=919696"}],"wp:term":[{"taxonomy":"category","embeddable":true,"href":"https:\/\/www.albinfo.at\/de\/wp-json\/wp\/v2\/categories?post=919696"},{"taxonomy":"post_tag","embeddable":true,"href":"https:\/\/www.albinfo.at\/de\/wp-json\/wp\/v2\/tags?post=919696"},{"taxonomy":"vendi","embeddable":true,"href":"https:\/\/www.albinfo.at\/de\/wp-json\/wp\/v2\/vendi?post=919696"},{"taxonomy":"content_country","embeddable":true,"href":"https:\/\/www.albinfo.at\/de\/wp-json\/wp\/v2\/content_country?post=919696"}],"curies":[{"name":"wp","href":"https:\/\/api.w.org\/{rel}","templated":true}]}}