{"id":919480,"date":"2026-04-29T13:55:30","date_gmt":"2026-04-29T11:55:30","guid":{"rendered":"https:\/\/www.albinfo.ch\/remitancat-ne-rritje-diaspora-vazhdon-te-mbeshtese-ekonomine-shqiptare\/"},"modified":"2026-04-29T23:09:23","modified_gmt":"2026-04-29T21:09:23","slug":"remitancat-ne-rritje-diaspora-vazhdon-te-mbeshtese-ekonomine-shqiptare","status":"publish","type":"post","link":"https:\/\/www.albinfo.at\/de\/remitancat-ne-rritje-diaspora-vazhdon-te-mbeshtese-ekonomine-shqiptare\/","title":{"rendered":"Steigende R\u00fcck\u00fcberweisungen, die Diaspora unterst\u00fctzt weiterhin die albanische Wirtschaft"},"content":{"rendered":"<p data-start=\"1026\" data-end=\"1355\">Die R\u00fcck\u00fcberweisungen der albanischen Diaspora setzen ihren Aufw\u00e4rtstrend fort und senden ein positives Signal f\u00fcr die Wirtschaft des Landes. Gleichzeitig zeigen sie erneut die wichtige Rolle der Emigranten bei der finanziellen Unterst\u00fctzung der Familien und der wirtschaftlichen Entwicklung, berichtet albinfo.ch.<\/p>\n<p data-start=\"1357\" data-end=\"1506\">Den ver\u00f6ffentlichten Daten zufolge stiegen die R\u00fcck\u00fcberweisungen im Jahr 2025 auf 1,1 Milliarden Lek im Vergleich zu 1,0 Milliarden Lek im Jahr 2024.<\/p>\n<p data-start=\"1508\" data-end=\"1715\">Dies entspricht einem j\u00e4hrlichen Anstieg von 5,9 Prozent und spiegelt nicht nur die starke Verbindung der Diaspora zur Heimat wider, sondern auch eine stabile Einkommensquelle f\u00fcr viele Familien in Albanien.<\/p>\n<p data-start=\"1717\" data-end=\"1934\">Experten bewerten die R\u00fcck\u00fcberweisungen weiterhin als wichtigen Faktor f\u00fcr die wirtschaftliche Stabilit\u00e4t, da sie sich direkt auf den Konsum der Haushalte, das soziale Wohlbefinden und den Geldfluss im Land auswirken.<\/p>\n<p data-start=\"1936\" data-end=\"2102\" data-is-last-node=\"\" data-is-only-node=\"\">Das anhaltende Wachstum dieser \u00dcberweisungen gilt als Zeichen des Vertrauens der Diaspora und als wichtige Unterst\u00fctzung in Zeiten wirtschaftlicher Herausforderungen.\/Albinfo.ch<\/p>\n<p><img loading=\"lazy\" decoding=\"async\" class=\"alignnone wp-image-919341\" src=\"https:\/\/www.albinfo.ch\/wp-content\/uploads\/2026\/04\/img_9144-1024x683.jpeg\" alt=\"\" width=\"500\" height=\"333\" srcset=\"https:\/\/www.albinfo.at\/wp-content\/uploads\/2026\/04\/img_9144-1024x683.jpeg 1024w, https:\/\/www.albinfo.at\/wp-content\/uploads\/2026\/04\/img_9144-300x200.jpeg 300w, https:\/\/www.albinfo.at\/wp-content\/uploads\/2026\/04\/img_9144-768x512.jpeg 768w, https:\/\/www.albinfo.at\/wp-content\/uploads\/2026\/04\/img_9144-586x389.jpeg 586w, https:\/\/www.albinfo.at\/wp-content\/uploads\/2026\/04\/img_9144-210x141.jpeg 210w, https:\/\/www.albinfo.at\/wp-content\/uploads\/2026\/04\/img_9144-587x391.jpeg 587w, https:\/\/www.albinfo.at\/wp-content\/uploads\/2026\/04\/img_9144-150x100.jpeg 150w, https:\/\/www.albinfo.at\/wp-content\/uploads\/2026\/04\/img_9144-263x175.jpeg 263w, https:\/\/www.albinfo.at\/wp-content\/uploads\/2026\/04\/img_9144.jpeg 1536w\" sizes=\"auto, (max-width: 500px) 100vw, 500px\" \/><\/p>\n","protected":false},"excerpt":{"rendered":"<p>Albanien, die R\u00fcck\u00fcberweisungen der Emigranten sind im Jahr 2025 um 5,9 Prozent gestiegen und erreichten 1,1 Milliarden Lek gegen\u00fcber 1,0 Milliarden im Jahr 2024<\/p>\n","protected":false},"author":31,"featured_media":886016,"comment_status":"closed","ping_status":"closed","sticky":false,"template":"","format":"standard","meta":{"footnotes":""},"categories":[24636,3952,8182,11228,24631,1129,1133],"tags":[],"vendi":[],"content_country":[29888,31836,31837],"class_list":["post-919480","post","type-post","status-publish","format-standard","has-post-thumbnail","hentry","category-nachrichten-de-4","category-kosova-de","category-finances","category-ekonomi-de","category-nachrichten-de-2","category-ch-balkan","category-e-diaspora-de","content_country-zvicer","content_country-austria-de","content_country-germany-de"],"acf":[],"_links":{"self":[{"href":"https:\/\/www.albinfo.at\/de\/wp-json\/wp\/v2\/posts\/919480","targetHints":{"allow":["GET"]}}],"collection":[{"href":"https:\/\/www.albinfo.at\/de\/wp-json\/wp\/v2\/posts"}],"about":[{"href":"https:\/\/www.albinfo.at\/de\/wp-json\/wp\/v2\/types\/post"}],"author":[{"embeddable":true,"href":"https:\/\/www.albinfo.at\/de\/wp-json\/wp\/v2\/users\/31"}],"replies":[{"embeddable":true,"href":"https:\/\/www.albinfo.at\/de\/wp-json\/wp\/v2\/comments?post=919480"}],"version-history":[{"count":2,"href":"https:\/\/www.albinfo.at\/de\/wp-json\/wp\/v2\/posts\/919480\/revisions"}],"predecessor-version":[{"id":919482,"href":"https:\/\/www.albinfo.at\/de\/wp-json\/wp\/v2\/posts\/919480\/revisions\/919482"}],"wp:featuredmedia":[{"embeddable":true,"href":"https:\/\/www.albinfo.at\/de\/wp-json\/wp\/v2\/media\/886016"}],"wp:attachment":[{"href":"https:\/\/www.albinfo.at\/de\/wp-json\/wp\/v2\/media?parent=919480"}],"wp:term":[{"taxonomy":"category","embeddable":true,"href":"https:\/\/www.albinfo.at\/de\/wp-json\/wp\/v2\/categories?post=919480"},{"taxonomy":"post_tag","embeddable":true,"href":"https:\/\/www.albinfo.at\/de\/wp-json\/wp\/v2\/tags?post=919480"},{"taxonomy":"vendi","embeddable":true,"href":"https:\/\/www.albinfo.at\/de\/wp-json\/wp\/v2\/vendi?post=919480"},{"taxonomy":"content_country","embeddable":true,"href":"https:\/\/www.albinfo.at\/de\/wp-json\/wp\/v2\/content_country?post=919480"}],"curies":[{"name":"wp","href":"https:\/\/api.w.org\/{rel}","templated":true}]}}