{"id":919471,"date":"2026-04-29T12:50:03","date_gmt":"2026-04-29T10:50:03","guid":{"rendered":"https:\/\/www.albinfo.ch\/rina-januzi-perzgjedhet-te-performoje-ne-festivalin-louhela-jam-2026-ne-finlande\/"},"modified":"2026-04-29T22:58:46","modified_gmt":"2026-04-29T20:58:46","slug":"rina-januzi-perzgjedhet-te-performoje-ne-festivalin-louhela-jam-2026-ne-finlande","status":"publish","type":"post","link":"https:\/\/www.albinfo.at\/de\/rina-januzi-perzgjedhet-te-performoje-ne-festivalin-louhela-jam-2026-ne-finlande\/","title":{"rendered":"Rina Januzi wird ausgew\u00e4hlt, um beim Festival &#8220;Louhela Jam 2026&#8221; in Finnland aufzutreten"},"content":{"rendered":"<p data-start=\"1250\" data-end=\"1494\">Rina Januzi aus dem Kosovo, die in Finnland lebt und arbeitet, wurde ausgew\u00e4hlt, beim Festival &#8220;Louhela Jam 2026&#8221; aufzutreten, das am 31 Mai in Jokiuomanpuisto, Louhela, in der Stadt Vantaa stattfinden wird, berichtet albinfo.ch.<\/p>\n<p data-start=\"1496\" data-end=\"1695\">Ihre Auswahl f\u00fcr dieses Festival gilt als weiterer Beweis f\u00fcr das Talent und das Engagement unserer Landsleute in der Diaspora, die Kosovo weiterhin w\u00fcrdevoll auf der internationalen B\u00fchne vertreten.<\/p>\n<p data-start=\"1697\" data-end=\"1781\">Das Festival &#8220;Louhela Jam 2026&#8221; ist kostenlos und f\u00fcr die \u00d6ffentlichkeit zug\u00e4nglich.<\/p>\n<p data-start=\"1783\" data-end=\"1950\">Die kosovarische K\u00fcnstlerin bedankte sich in einer Botschaft beim Publikum und bei ihren Unterst\u00fctzern und lud alle ein, an diesem musikalischen Ereignis teilzunehmen.<\/p>\n<p data-start=\"1952\" data-end=\"2331\">&#8220;Liebes Publikum, wir haben das gemeinsam m\u00f6glich gemacht dank euch. Ihr seid alle eingeladen zum Festival Louhela Jam 2026 in Jokiuomanpuisto, Louhela, Vantaa am 31 Mai und es ist kostenlos. Danke f\u00fcr eure Unterst\u00fctzung, das bedeutet mir sehr viel und ich werde es nie vergessen. Ich hoffe, ihr werdet meine Musik und meine Performance in vollen Z\u00fcgen genie\u00dfen&#8221;, schrieb Januzi.<\/p>\n<p data-start=\"2333\" data-end=\"2548\" data-is-last-node=\"\" data-is-only-node=\"\">Ihre Performance wird als einer der besonderen Momente des Festivals erwartet, w\u00e4hrend die Veranstalter mitgeteilt haben, dass das Publikum den ganzen Tag \u00fcber Live Musik und eine festliche Atmosph\u00e4re genie\u00dfen kann.\/Albinfo.ch<\/p>\n<p><img loading=\"lazy\" decoding=\"async\" class=\"alignnone wp-image-919297\" src=\"https:\/\/www.albinfo.ch\/wp-content\/uploads\/2026\/04\/img_9128-819x1024.jpeg\" alt=\"\" width=\"500\" height=\"625\" srcset=\"https:\/\/www.albinfo.at\/wp-content\/uploads\/2026\/04\/img_9128-819x1024.jpeg 819w, https:\/\/www.albinfo.at\/wp-content\/uploads\/2026\/04\/img_9128-240x300.jpeg 240w, https:\/\/www.albinfo.at\/wp-content\/uploads\/2026\/04\/img_9128-768x960.jpeg 768w, https:\/\/www.albinfo.at\/wp-content\/uploads\/2026\/04\/img_9128-317x396.jpeg 317w, https:\/\/www.albinfo.at\/wp-content\/uploads\/2026\/04\/img_9128-80x100.jpeg 80w, https:\/\/www.albinfo.at\/wp-content\/uploads\/2026\/04\/img_9128-140x175.jpeg 140w, https:\/\/www.albinfo.at\/wp-content\/uploads\/2026\/04\/img_9128.jpeg 1080w\" sizes=\"auto, (max-width: 500px) 100vw, 500px\" \/><\/p>\n<p>&nbsp;<\/p>\n","protected":false},"excerpt":{"rendered":"<p>Die kosovarische K\u00fcnstlerin, die in Finnland lebt und arbeitet, wird am 31 Mai in Jokiuomanpuisto, Louhela Vantaa, bei einem kostenlosen und \u00f6ffentlich zug\u00e4nglichen Festival auftreten<\/p>\n","protected":false},"author":31,"featured_media":919296,"comment_status":"closed","ping_status":"closed","sticky":false,"template":"","format":"standard","meta":{"footnotes":""},"categories":[24636,24659,1134,1135,24631,1133,1138],"tags":[],"vendi":[],"content_country":[29888,31836,31837],"class_list":["post-919471","post","type-post","status-publish","format-standard","has-post-thumbnail","hentry","category-nachrichten-de-4","category-musik","category-integration","category-frauen","category-nachrichten-de-2","category-e-diaspora-de","category-kultur","content_country-zvicer","content_country-austria-de","content_country-germany-de"],"acf":[],"_links":{"self":[{"href":"https:\/\/www.albinfo.at\/de\/wp-json\/wp\/v2\/posts\/919471","targetHints":{"allow":["GET"]}}],"collection":[{"href":"https:\/\/www.albinfo.at\/de\/wp-json\/wp\/v2\/posts"}],"about":[{"href":"https:\/\/www.albinfo.at\/de\/wp-json\/wp\/v2\/types\/post"}],"author":[{"embeddable":true,"href":"https:\/\/www.albinfo.at\/de\/wp-json\/wp\/v2\/users\/31"}],"replies":[{"embeddable":true,"href":"https:\/\/www.albinfo.at\/de\/wp-json\/wp\/v2\/comments?post=919471"}],"version-history":[{"count":2,"href":"https:\/\/www.albinfo.at\/de\/wp-json\/wp\/v2\/posts\/919471\/revisions"}],"predecessor-version":[{"id":919473,"href":"https:\/\/www.albinfo.at\/de\/wp-json\/wp\/v2\/posts\/919471\/revisions\/919473"}],"wp:featuredmedia":[{"embeddable":true,"href":"https:\/\/www.albinfo.at\/de\/wp-json\/wp\/v2\/media\/919296"}],"wp:attachment":[{"href":"https:\/\/www.albinfo.at\/de\/wp-json\/wp\/v2\/media?parent=919471"}],"wp:term":[{"taxonomy":"category","embeddable":true,"href":"https:\/\/www.albinfo.at\/de\/wp-json\/wp\/v2\/categories?post=919471"},{"taxonomy":"post_tag","embeddable":true,"href":"https:\/\/www.albinfo.at\/de\/wp-json\/wp\/v2\/tags?post=919471"},{"taxonomy":"vendi","embeddable":true,"href":"https:\/\/www.albinfo.at\/de\/wp-json\/wp\/v2\/vendi?post=919471"},{"taxonomy":"content_country","embeddable":true,"href":"https:\/\/www.albinfo.at\/de\/wp-json\/wp\/v2\/content_country?post=919471"}],"curies":[{"name":"wp","href":"https:\/\/api.w.org\/{rel}","templated":true}]}}