{"id":919459,"date":"2026-04-29T11:40:41","date_gmt":"2026-04-29T09:40:41","guid":{"rendered":"https:\/\/www.albinfo.ch\/festivali-i-filmit-shqiptar-fly-like-an-eagle-mbahet-ne-berlin-nga-7-deri-me-13-maj-2026\/"},"modified":"2026-04-29T22:48:57","modified_gmt":"2026-04-29T20:48:57","slug":"festivali-i-filmit-shqiptar-fly-like-an-eagle-mbahet-ne-berlin-nga-7-deri-me-13-maj-2026","status":"publish","type":"post","link":"https:\/\/www.albinfo.at\/de\/festivali-i-filmit-shqiptar-fly-like-an-eagle-mbahet-ne-berlin-nga-7-deri-me-13-maj-2026\/","title":{"rendered":"Das Albanische Filmfestival &#8220;Fly Like an Eagle&#8221; findet vom 7 bis 13 Mai 2026 in Berlin statt"},"content":{"rendered":"<p data-start=\"1588\" data-end=\"1848\">Das Albanische Filmfestival &#8220;Fly Like an Eagle&#8221; findet vom 7 bis 13 Mai 2026 in Berlin in den R\u00e4umlichkeiten des renommierten und historischen Kinos Kino Babylon statt, gelegen in der Rosa Luxemburg Stra\u00dfe 30, 10178 Berlin, berichtet albinfo.ch.<\/p>\n<p data-start=\"1850\" data-end=\"1965\">Die offizielle Er\u00f6ffnung des Festivals erfolgt am 7 Mai ab 19:30 Uhr mit der Vorf\u00fchrung des Films &#8220;Vdekja e Kalit&#8221;.<\/p>\n<p data-start=\"1967\" data-end=\"2332\">Als besonderer Gast des Er\u00f6ffnungsabends wird der bekannte Schauspieler Timo Flloko anwesend sein, eine der bedeutendsten Pers\u00f6nlichkeiten des albanischen Kinos. Nach der Filmvorf\u00fchrung wird ein offenes Gespr\u00e4ch mit dem Publikum stattfinden, bei dem Flloko seine k\u00fcnstlerischen Erfahrungen teilen wird. Die Diskussion wird von der Regisseurin Odeta \u00c7unaj moderiert.<\/p>\n<p data-start=\"2334\" data-end=\"2498\">Die Eintrittskarten f\u00fcr den Er\u00f6ffnungsabend sind online erh\u00e4ltlich, weitere Informationen zum Festival sind auf der offiziellen Webseite des Kino Babylon verf\u00fcgbar.<\/p>\n<p data-start=\"2500\" data-end=\"2672\">Die Veranstalter teilen mit, dass das vollst\u00e4ndige Programm des Festivals in K\u00fcrze ver\u00f6ffentlicht wird, w\u00e4hrend Elson Zguri f\u00fcr die kuratorische Leitung verantwortlich ist.<\/p>\n<p data-start=\"2674\" data-end=\"2922\">Das Festival hat das Ziel, eine Auswahl von Filmen zu pr\u00e4sentieren, die die reiche Geschichte und die Entwicklung der albanischen Filmkunst widerspiegeln und einen wichtigen Dialog zwischen filmischem Erbe und zeitgen\u00f6ssischer Kreativit\u00e4t schaffen.<\/p>\n<p data-start=\"2924\" data-end=\"3152\">Das Festival wird mit Unterst\u00fctzung der Botschaft Albaniens in Berlin, des Ministeriums f\u00fcr Tourismus, Kultur und Sport Albaniens, des Nationalen Zentrums f\u00fcr Kinematographie und des Zentralen Staatsarchivs f\u00fcr Film organisiert.<\/p>\n<p data-start=\"3154\" data-end=\"3287\" data-is-last-node=\"\" data-is-only-node=\"\">Die Veranstalter laden das Publikum ein, Teil dieser besonderen kulturellen und k\u00fcnstlerischen Erfahrung im Herzen Berlins zu werden.\/Albinfo.ch<\/p>\n","protected":false},"excerpt":{"rendered":"<p>Im historischen Kino Babylon wird eine besondere Auswahl von Filmen gezeigt, die die Entwicklung der albanischen Filmkunst im Laufe der Jahre widerspiegeln<\/p>\n","protected":false},"author":31,"featured_media":919290,"comment_status":"closed","ping_status":"closed","sticky":false,"template":"","format":"standard","meta":{"footnotes":""},"categories":[24636,24665,24631,1133,1138],"tags":[],"vendi":[],"content_country":[29888,31836,31837],"class_list":["post-919459","post","type-post","status-publish","format-standard","has-post-thumbnail","hentry","category-nachrichten-de-4","category-kino","category-nachrichten-de-2","category-e-diaspora-de","category-kultur","content_country-zvicer","content_country-austria-de","content_country-germany-de"],"acf":[],"_links":{"self":[{"href":"https:\/\/www.albinfo.at\/de\/wp-json\/wp\/v2\/posts\/919459","targetHints":{"allow":["GET"]}}],"collection":[{"href":"https:\/\/www.albinfo.at\/de\/wp-json\/wp\/v2\/posts"}],"about":[{"href":"https:\/\/www.albinfo.at\/de\/wp-json\/wp\/v2\/types\/post"}],"author":[{"embeddable":true,"href":"https:\/\/www.albinfo.at\/de\/wp-json\/wp\/v2\/users\/31"}],"replies":[{"embeddable":true,"href":"https:\/\/www.albinfo.at\/de\/wp-json\/wp\/v2\/comments?post=919459"}],"version-history":[{"count":2,"href":"https:\/\/www.albinfo.at\/de\/wp-json\/wp\/v2\/posts\/919459\/revisions"}],"predecessor-version":[{"id":919462,"href":"https:\/\/www.albinfo.at\/de\/wp-json\/wp\/v2\/posts\/919459\/revisions\/919462"}],"wp:featuredmedia":[{"embeddable":true,"href":"https:\/\/www.albinfo.at\/de\/wp-json\/wp\/v2\/media\/919290"}],"wp:attachment":[{"href":"https:\/\/www.albinfo.at\/de\/wp-json\/wp\/v2\/media?parent=919459"}],"wp:term":[{"taxonomy":"category","embeddable":true,"href":"https:\/\/www.albinfo.at\/de\/wp-json\/wp\/v2\/categories?post=919459"},{"taxonomy":"post_tag","embeddable":true,"href":"https:\/\/www.albinfo.at\/de\/wp-json\/wp\/v2\/tags?post=919459"},{"taxonomy":"vendi","embeddable":true,"href":"https:\/\/www.albinfo.at\/de\/wp-json\/wp\/v2\/vendi?post=919459"},{"taxonomy":"content_country","embeddable":true,"href":"https:\/\/www.albinfo.at\/de\/wp-json\/wp\/v2\/content_country?post=919459"}],"curies":[{"name":"wp","href":"https:\/\/api.w.org\/{rel}","templated":true}]}}