{"id":919143,"date":"2026-04-28T17:44:28","date_gmt":"2026-04-28T15:44:28","guid":{"rendered":"https:\/\/www.albinfo.ch\/vjena-behet-gati-per-eurovision\/"},"modified":"2026-04-28T21:10:21","modified_gmt":"2026-04-28T19:10:21","slug":"vjena-behet-gati-per-eurovision","status":"publish","type":"post","link":"https:\/\/www.albinfo.at\/de\/vjena-behet-gati-per-eurovision\/","title":{"rendered":"Wien bereitet sich auf den Eurovision Song Contest vor"},"content":{"rendered":"<p data-start=\"582\" data-end=\"673\">Heute wurde die B\u00fchne f\u00fcr den diesj\u00e4hrigen Eurovision Song Contest enth\u00fcllt.<\/p>\n<p data-start=\"675\" data-end=\"791\">Der offizielle ESC Instagram Account ver\u00f6ffentlichte ein Bild der B\u00fchne, der Lichtshow und der Akustik in der Halle.<\/p>\n<p data-start=\"793\" data-end=\"957\">&#8220;Wien ist bereit, und wir sind es auch&#8221;, hei\u00dft es in dem Beitrag. Das B\u00fchnendesign wurde vom bekannten B\u00fchnenbildner Florian Wieder entworfen, berichtet albinfo.ch.<\/p>\n<p data-start=\"959\" data-end=\"1035\">In diesem Jahr feiert der Eurovision Song Contest sein 70 j\u00e4hriges Jubil\u00e4um.<\/p>\n<p data-start=\"1037\" data-end=\"1134\" data-is-last-node=\"\" data-is-only-node=\"\">Im Rahmen der Feierlichkeiten erinnern die europ\u00e4ischen Rundfunkanstalten an vergangene Ausgaben.<\/p>\n<p><a href=\"https:\/\/www.instagram.com\/orf\/?utm_source=ig_embed&amp;ig_rid=aafc4be1-0ee9-4276-afdb-f730ddc2ee3d\">https:\/\/www.instagram.com\/orf\/?utm_source=ig_embed&amp;ig_rid=aafc4be1-0ee9-4276-afdb-f730ddc2ee3d<\/a><\/p>\n<p>&nbsp;<\/p>\n<p>&nbsp;<\/p>\n","protected":false},"excerpt":{"rendered":"<p>Heute wurde die B\u00fchne f\u00fcr den diesj\u00e4hrigen Eurovision Song Contest enth\u00fcllt. Der offizielle ESC Instagram Account ver\u00f6ffentlichte ein Bild der B\u00fchne, der Lichtshow und der Akustik in der Halle. &#8220;Wien ist bereit, und wir sind es auch&#8221;, hei\u00dft es in dem Beitrag. Das B\u00fchnendesign wurde vom bekannten B\u00fchnenbildner Florian Wieder entworfen, berichtet albinfo.ch. In diesem [&hellip;]<\/p>\n","protected":false},"author":14,"featured_media":919032,"comment_status":"closed","ping_status":"closed","sticky":false,"template":"","format":"standard","meta":{"footnotes":""},"categories":[22803,23120],"tags":[],"vendi":[],"content_country":[29888,31836,31837],"class_list":["post-919143","post","type-post","status-publish","format-standard","has-post-thumbnail","hentry","category-leben-in-osterreich-de","category-nachrichten","content_country-zvicer","content_country-austria-de","content_country-germany-de"],"acf":[],"_links":{"self":[{"href":"https:\/\/www.albinfo.at\/de\/wp-json\/wp\/v2\/posts\/919143","targetHints":{"allow":["GET"]}}],"collection":[{"href":"https:\/\/www.albinfo.at\/de\/wp-json\/wp\/v2\/posts"}],"about":[{"href":"https:\/\/www.albinfo.at\/de\/wp-json\/wp\/v2\/types\/post"}],"author":[{"embeddable":true,"href":"https:\/\/www.albinfo.at\/de\/wp-json\/wp\/v2\/users\/14"}],"replies":[{"embeddable":true,"href":"https:\/\/www.albinfo.at\/de\/wp-json\/wp\/v2\/comments?post=919143"}],"version-history":[{"count":2,"href":"https:\/\/www.albinfo.at\/de\/wp-json\/wp\/v2\/posts\/919143\/revisions"}],"predecessor-version":[{"id":919145,"href":"https:\/\/www.albinfo.at\/de\/wp-json\/wp\/v2\/posts\/919143\/revisions\/919145"}],"wp:featuredmedia":[{"embeddable":true,"href":"https:\/\/www.albinfo.at\/de\/wp-json\/wp\/v2\/media\/919032"}],"wp:attachment":[{"href":"https:\/\/www.albinfo.at\/de\/wp-json\/wp\/v2\/media?parent=919143"}],"wp:term":[{"taxonomy":"category","embeddable":true,"href":"https:\/\/www.albinfo.at\/de\/wp-json\/wp\/v2\/categories?post=919143"},{"taxonomy":"post_tag","embeddable":true,"href":"https:\/\/www.albinfo.at\/de\/wp-json\/wp\/v2\/tags?post=919143"},{"taxonomy":"vendi","embeddable":true,"href":"https:\/\/www.albinfo.at\/de\/wp-json\/wp\/v2\/vendi?post=919143"},{"taxonomy":"content_country","embeddable":true,"href":"https:\/\/www.albinfo.at\/de\/wp-json\/wp\/v2\/content_country?post=919143"}],"curies":[{"name":"wp","href":"https:\/\/api.w.org\/{rel}","templated":true}]}}