{"id":919111,"date":"2026-04-28T13:48:35","date_gmt":"2026-04-28T11:48:35","guid":{"rendered":"https:\/\/www.albinfo.ch\/bashkepunimi-nga-diaspora-shqiptare-ne-zvicer-forcon-kujdesin-mjekesor-ne-viti-dhe-gjilan\/"},"modified":"2026-04-28T20:35:23","modified_gmt":"2026-04-28T18:35:23","slug":"bashkepunimi-nga-diaspora-shqiptare-ne-zvicer-forcon-kujdesin-mjekesor-ne-viti-dhe-gjilan","status":"publish","type":"post","link":"https:\/\/www.albinfo.at\/de\/bashkepunimi-nga-diaspora-shqiptare-ne-zvicer-forcon-kujdesin-mjekesor-ne-viti-dhe-gjilan\/","title":{"rendered":"Die Zusammenarbeit der albanischen Diaspora in der Schweiz st\u00e4rkt die medizinische Versorgung in Viti und Gjilan"},"content":{"rendered":"<p data-start=\"826\" data-end=\"1252\">Das Hauptzentrum f\u00fcr Familienmedizin in Viti und das Allgemeinkrankenhaus in Gjilan haben eine bedeutende Spende erhalten, die darauf abzielt, die Gesundheitsdienste zu verbessern und die Qualit\u00e4t der Patientenversorgung zu erh\u00f6hen. Diese Spende wurde dank der Zusammenarbeit mit der Organisation &#8220;Zentrum Parandalo&#8221; und der Moschee &#8220;Haus des Friedens&#8221; in Z\u00fcrich in der Schweiz erm\u00f6glicht, berichtet albinfo.ch.<\/p>\n<p data-start=\"1254\" data-end=\"1687\" data-is-last-node=\"\" data-is-only-node=\"\">Im Zentrum f\u00fcr Familienmedizin in Viti wird diese Spende einen direkten Einfluss auf die prim\u00e4ren Notfalldienste haben. Sie umfasst 20 Tragen f\u00fcr verletzte Patienten, die im Zentrum von Pozheran und in den Krankenwagen eingesetzt werden. Diese Ausr\u00fcstung soll die Arbeit des medizinischen Personals erleichtern und die Sicherheit sowie die Effizienz bei der Behandlung von Notf\u00e4llen erh\u00f6hen, insbesondere bei Trauma und Unfallf\u00e4llen.<\/p>\n<p><img loading=\"lazy\" decoding=\"async\" class=\"\" src=\"https:\/\/scontent.fprn10-1.fna.fbcdn.net\/v\/t39.30808-6\/679547314_1378298544326253_4452757001041823949_n.jpg?_nc_cat=108&amp;ccb=1-7&amp;_nc_sid=7b2446&amp;_nc_ohc=D0HVPIaHSlEQ7kNvwEK9o36&amp;_nc_oc=Adpi3CaboWSMeJWeto3MJxxwtawsRwpdH-Tc3KdyueC0Nks4jWoOOv4S9RJWCezvHqQ&amp;_nc_zt=23&amp;_nc_ht=scontent.fprn10-1.fna&amp;_nc_gid=BsAL9iip3HIUsTr4B9jFlg&amp;_nc_ss=7b2a8&amp;oh=00_Af3bVszh51xXIZ2vUtZO7VfStCyVqB_6Yb0LE1gRda9GDQ&amp;oe=69F655EB\" alt=\"Mund t\u00eb jet\u00eb nj\u00eb imazh i spital\" width=\"500\" height=\"378\" \/><\/p>\n<p data-start=\"1052\" data-end=\"1595\">Die Direktorin des Zentrums f\u00fcr Familienmedizin in Viti, Dr Vjollca Kadolli Halili, \u00e4u\u00dferte ihre tiefe Dankbarkeit gegen\u00fcber den Spendern und w\u00fcrdigte deren Beitrag zur Verbesserung der Gesundheitsdienste in der Gemeinde. Als Zeichen des Dankes \u00fcberreichte sie institutionelle Anerkennungen an die Organisation &#8220;Parandalo&#8221; und die Moschee &#8220;Haus des Friedens&#8221;. Sie betonte au\u00dferdem, dass die Zusammenarbeit mit diesen Organisationen bereits in der Vergangenheit durch Aufkl\u00e4rungsaktivit\u00e4ten in der Gemeinschaft fortgesetzt wurde.<\/p>\n<p data-start=\"1597\" data-end=\"1891\">Auch das Allgemeinkrankenhaus in Gjilan profitierte von dieser Spende. Der Direktor des Krankenhauses, Dr Afrim Cana, dankte den Spendern aus Z\u00fcrich und hob hervor, dass ihre Unterst\u00fctzung einen direkten Einfluss auf die Verbesserung der Dienstleistungen und der Patientenversorgung haben wird.<\/p>\n<p data-start=\"1893\" data-end=\"2131\" data-is-last-node=\"\" data-is-only-node=\"\">Dieser Beitrag der albanischen Diaspora in der Schweiz wird als wichtige Unterst\u00fctzung f\u00fcr das Gesundheitssystem im Kosovo bewertet und zielt darauf ab, den B\u00fcrgern eine effizientere, sicherere und qualitativ bessere Versorgung zu bieten.\/Albinfo.ch<\/p>\n<p><img loading=\"lazy\" decoding=\"async\" class=\"\" src=\"https:\/\/scontent.fprn10-1.fna.fbcdn.net\/v\/t39.30808-6\/679868096_1378298577659583_1607567085557036292_n.jpg?_nc_cat=102&amp;ccb=1-7&amp;_nc_sid=7b2446&amp;_nc_ohc=SMrdsdxHRcsQ7kNvwGktvAV&amp;_nc_oc=AdqPRwPc-g_00iB5Pkkk-X8EBannp34H5aITLD7iIyZymy6pQmjclLlJ0mswLvkWO_g&amp;_nc_zt=23&amp;_nc_ht=scontent.fprn10-1.fna&amp;_nc_gid=St0RDzrsHC19_TxPpZky6w&amp;_nc_ss=7b2a8&amp;oh=00_Af2cryOgNH31JNaarQ1Noc_pYuWFyEeXm_2Rd00e_ynVVA&amp;oe=69F66ED5\" alt=\"Mund t\u00eb jet\u00eb nj\u00eb imazh i teksti\" width=\"500\" height=\"231\" \/><\/p>\n","protected":false},"excerpt":{"rendered":"<p>Die Zusammenarbeit der albanischen Diaspora in der Schweiz st\u00e4rkt die medizinische Versorgung im Kosovo<\/p>\n","protected":false},"author":31,"featured_media":918952,"comment_status":"closed","ping_status":"closed","sticky":false,"template":"","format":"standard","meta":{"footnotes":""},"categories":[23263,24636,3952,3954,23262,24631,1129,1133],"tags":[],"vendi":[],"content_country":[29888,31836,31837],"class_list":["post-919111","post","type-post","status-publish","format-standard","has-post-thumbnail","hentry","category-kosova-de-2","category-nachrichten-de-4","category-kosova-de","category-shendetesi-2-de","category-at-balkani-de","category-nachrichten-de-2","category-ch-balkan","category-e-diaspora-de","content_country-zvicer","content_country-austria-de","content_country-germany-de"],"acf":[],"_links":{"self":[{"href":"https:\/\/www.albinfo.at\/de\/wp-json\/wp\/v2\/posts\/919111","targetHints":{"allow":["GET"]}}],"collection":[{"href":"https:\/\/www.albinfo.at\/de\/wp-json\/wp\/v2\/posts"}],"about":[{"href":"https:\/\/www.albinfo.at\/de\/wp-json\/wp\/v2\/types\/post"}],"author":[{"embeddable":true,"href":"https:\/\/www.albinfo.at\/de\/wp-json\/wp\/v2\/users\/31"}],"replies":[{"embeddable":true,"href":"https:\/\/www.albinfo.at\/de\/wp-json\/wp\/v2\/comments?post=919111"}],"version-history":[{"count":2,"href":"https:\/\/www.albinfo.at\/de\/wp-json\/wp\/v2\/posts\/919111\/revisions"}],"predecessor-version":[{"id":919114,"href":"https:\/\/www.albinfo.at\/de\/wp-json\/wp\/v2\/posts\/919111\/revisions\/919114"}],"wp:featuredmedia":[{"embeddable":true,"href":"https:\/\/www.albinfo.at\/de\/wp-json\/wp\/v2\/media\/918952"}],"wp:attachment":[{"href":"https:\/\/www.albinfo.at\/de\/wp-json\/wp\/v2\/media?parent=919111"}],"wp:term":[{"taxonomy":"category","embeddable":true,"href":"https:\/\/www.albinfo.at\/de\/wp-json\/wp\/v2\/categories?post=919111"},{"taxonomy":"post_tag","embeddable":true,"href":"https:\/\/www.albinfo.at\/de\/wp-json\/wp\/v2\/tags?post=919111"},{"taxonomy":"vendi","embeddable":true,"href":"https:\/\/www.albinfo.at\/de\/wp-json\/wp\/v2\/vendi?post=919111"},{"taxonomy":"content_country","embeddable":true,"href":"https:\/\/www.albinfo.at\/de\/wp-json\/wp\/v2\/content_country?post=919111"}],"curies":[{"name":"wp","href":"https:\/\/api.w.org\/{rel}","templated":true}]}}