{"id":919089,"date":"2026-04-28T11:55:54","date_gmt":"2026-04-28T09:55:54","guid":{"rendered":"https:\/\/www.albinfo.ch\/hoffenheimi-rikthehet-ne-ligen-e-evropes-asllani-hajdari-dhe-avdullahu-vendimtare-ne-suksesin-historik\/"},"modified":"2026-04-28T20:10:31","modified_gmt":"2026-04-28T18:10:31","slug":"hoffenheimi-rikthehet-ne-ligen-e-evropes-asllani-hajdari-dhe-avdullahu-vendimtare-ne-suksesin-historik","status":"publish","type":"post","link":"https:\/\/www.albinfo.at\/de\/hoffenheimi-rikthehet-ne-ligen-e-evropes-asllani-hajdari-dhe-avdullahu-vendimtare-ne-suksesin-historik\/","title":{"rendered":"Hoffenheim kehrt in die Europa League zur\u00fcck, Asllani, Hajdari und Avdullahu entscheidend f\u00fcr den historischen Erfolg"},"content":{"rendered":"<p data-start=\"4032\" data-end=\"4417\">Hoffenheim gilt nicht als einer der gro\u00dfen Vereine im deutschen Fu\u00dfball, doch seine Geschichte bleibt eines der bemerkenswertesten Beispiele f\u00fcr einen schnellen Aufstieg in der Bundesliga. Im Jahr 2000 spielte die Mannschaft noch in der f\u00fcnften deutschen Liga, w\u00e4hrend sie 2008 erstmals in die Bundesliga aufstieg, in der sie seitdem geblieben ist, berichtet albinfo.ch.<\/p>\n<p data-start=\"4419\" data-end=\"4807\">Auch auf europ\u00e4ischer Ebene ist Hoffenheim ein Verein mit relativ kurzer Geschichte. Erstmals trat der Klub in der Saison 2017 18 in Europa an, w\u00e4hrend er in der Saison 2018 19 sein Deb\u00fct in der Gruppenphase der Champions League gab, was bis heute die einzige Teilnahme auf diesem Niveau bleibt. Danach kehrte der Verein in den Spielzeiten 2020 21 und 2024 25 in die Europa League zur\u00fcck.<\/p>\n<p data-start=\"4809\" data-end=\"5066\">Nun hat Hoffenheim zum f\u00fcnften Mal in seiner Geschichte die Teilnahme an europ\u00e4ischen Wettbewerben gesichert und sich f\u00fcr die Saison 2026 27 qualifiziert. Die Europa League ist bereits sicher, w\u00e4hrend das n\u00e4chste Ziel ein Platz f\u00fcr die Champions League ist.<\/p>\n<p data-start=\"5068\" data-end=\"5378\">Das Interesse im Kosovo an diesem Verein ist deutlich gestiegen, aus einem klaren Grund, Hoffenheim hat drei kosovarische Nationalspieler im Kader, die inzwischen zu den wichtigsten Spielern des Teams geh\u00f6ren, den St\u00fcrmer Fisnik Asllani, den Mittelfeldspieler Leon Avdullahu und den Verteidiger Albian Hajdari.<\/p>\n<p data-start=\"5380\" data-end=\"5572\">Beim j\u00fcngsten 2 1 Ausw\u00e4rtssieg gegen Hamburg, der die europ\u00e4ische Qualifikation besiegelte, erzielte Asllani ein Tor, w\u00e4hrend Hajdari eine Vorlage gab und somit direkt am Erfolg beteiligt war.<\/p>\n<p data-start=\"5574\" data-end=\"5825\">&#8220;Hoffenheim hat sich zum f\u00fcnften Mal in der Vereinsgeschichte f\u00fcr europ\u00e4ische Wettbewerbe qualifiziert. Der Sieg gegen Hamburg sichert einen Platz unter den besten sechs der Bundesliga&#8221;, schrieb der Klub nach dem Spiel auf seiner offiziellen Webseite.<\/p>\n<p data-start=\"5827\" data-end=\"6216\">Der Sportdirektor von Hoffenheim, Andreas Schicker, bezeichnete diesen Erfolg als verdiente Belohnung f\u00fcr die Arbeit des gesamten Vereins. &#8220;Die europ\u00e4ische Qualifikation ist eine fantastische Leistung und eine mehr als verdiente Belohnung f\u00fcr die harte Arbeit der Mannschaft, des Trainerstabs und aller Beteiligten&#8221;, sagte er und f\u00fcgte hinzu, dass das Team weiterhin hungrig nach mehr sei.<\/p>\n<p data-start=\"6218\" data-end=\"6685\">Tats\u00e4chlich hat Hoffenheim sein Ziel noch nicht vollst\u00e4ndig erreicht. Das kommende Spiel gegen Stuttgart wird entscheidend f\u00fcr den vierten Platz in der Bundesliga sein, der eine direkte Qualifikation f\u00fcr die Champions League sichert. Es besteht auch die M\u00f6glichkeit, dass der f\u00fcnfte Platz zur Champions League f\u00fchrt, abh\u00e4ngig von den Ergebnissen der deutschen Vereine in europ\u00e4ischen Wettbewerben, wie Bayern in der Champions League und Freiburg in der Europa League.<\/p>\n<p data-start=\"6687\" data-end=\"7050\">Auch die kosovarischen Spieler spielen weiterhin eine wichtige Rolle im Team. Hajdari hat seinen Vertrag bereits langfristig zu verbesserten Konditionen verl\u00e4ngert, w\u00e4hrend ein neuer Vertrag f\u00fcr Avdullahu bald offiziell werden soll. Was Fisnik Asllani betrifft, wird zunehmend \u00fcber einen m\u00f6glichen Wechsel zu einem gr\u00f6\u00dferen europ\u00e4ischen Klub im Sommer gesprochen.<\/p>\n<p data-start=\"7052\" data-end=\"7362\">Nach dem Sieg gegen Hamburg zeigte sich Asllani zufrieden mit dem Erfolg. \u201cWir f\u00fchlen uns sehr gut, dass wir unser Ziel der europ\u00e4ischen Qualifikation erreicht haben. Niemand h\u00e4tte das vor Beginn der Saison geglaubt. Jetzt wollen wir auch das Spiel gegen Stuttgart gewinnen\u201d, erkl\u00e4rte der kosovarische St\u00fcrmer.<\/p>\n<p data-start=\"7364\" data-end=\"7682\">Nach dem Spiel gegen Stuttgart wird Hoffenheim ausw\u00e4rts gegen Werder Bremen antreten und am letzten Spieltag gegen Borussia M\u00f6nchengladbach spielen. Nach dem 31 Spieltag hat das Team 57 Punkte auf dem f\u00fcnften Platz, genauso viele wie Stuttgart auf Rang vier, was das Rennen um die Champions League \u00e4u\u00dferst offen macht.<\/p>\n<p data-start=\"7684\" data-end=\"7935\" data-is-last-node=\"\" data-is-only-node=\"\">In einer Saison, die nur wenige erwartet hatten, hat Hoffenheim nicht nur Europa erreicht, sondern strebt dank des Beitrags der drei kosovarischen Nationalspieler danach, diese Spielzeit zu einer der erfolgreichsten in der Vereinsgeschichte zu machen.<\/p>\n","protected":false},"excerpt":{"rendered":"<p>Die drei Nationalspieler des Kosovo geh\u00f6ren zu den wichtigsten Akteuren dieses Teams, der St\u00fcrmer Fisnik Asllani, der Mittelfeldspieler Leon Avdullahu und der Verteidiger Albian Hajdari<\/p>\n","protected":false},"author":31,"featured_media":900561,"comment_status":"closed","ping_status":"closed","sticky":false,"template":"","format":"standard","meta":{"footnotes":""},"categories":[4023,24631,1139],"tags":[],"vendi":[],"content_country":[29888,31836,31837],"class_list":["post-919089","post","type-post","status-publish","format-standard","has-post-thumbnail","hentry","category-futboll-de","category-nachrichten-de-2","category-sport","content_country-zvicer","content_country-austria-de","content_country-germany-de"],"acf":[],"_links":{"self":[{"href":"https:\/\/www.albinfo.at\/de\/wp-json\/wp\/v2\/posts\/919089","targetHints":{"allow":["GET"]}}],"collection":[{"href":"https:\/\/www.albinfo.at\/de\/wp-json\/wp\/v2\/posts"}],"about":[{"href":"https:\/\/www.albinfo.at\/de\/wp-json\/wp\/v2\/types\/post"}],"author":[{"embeddable":true,"href":"https:\/\/www.albinfo.at\/de\/wp-json\/wp\/v2\/users\/31"}],"replies":[{"embeddable":true,"href":"https:\/\/www.albinfo.at\/de\/wp-json\/wp\/v2\/comments?post=919089"}],"version-history":[{"count":2,"href":"https:\/\/www.albinfo.at\/de\/wp-json\/wp\/v2\/posts\/919089\/revisions"}],"predecessor-version":[{"id":919091,"href":"https:\/\/www.albinfo.at\/de\/wp-json\/wp\/v2\/posts\/919089\/revisions\/919091"}],"wp:featuredmedia":[{"embeddable":true,"href":"https:\/\/www.albinfo.at\/de\/wp-json\/wp\/v2\/media\/900561"}],"wp:attachment":[{"href":"https:\/\/www.albinfo.at\/de\/wp-json\/wp\/v2\/media?parent=919089"}],"wp:term":[{"taxonomy":"category","embeddable":true,"href":"https:\/\/www.albinfo.at\/de\/wp-json\/wp\/v2\/categories?post=919089"},{"taxonomy":"post_tag","embeddable":true,"href":"https:\/\/www.albinfo.at\/de\/wp-json\/wp\/v2\/tags?post=919089"},{"taxonomy":"vendi","embeddable":true,"href":"https:\/\/www.albinfo.at\/de\/wp-json\/wp\/v2\/vendi?post=919089"},{"taxonomy":"content_country","embeddable":true,"href":"https:\/\/www.albinfo.at\/de\/wp-json\/wp\/v2\/content_country?post=919089"}],"curies":[{"name":"wp","href":"https:\/\/api.w.org\/{rel}","templated":true}]}}