{"id":919078,"date":"2026-04-28T10:50:49","date_gmt":"2026-04-28T08:50:49","guid":{"rendered":"https:\/\/www.albinfo.ch\/mergata-pajis-spitalin-e-dializes-ne-struge-me-aparatura-moderne\/"},"modified":"2026-04-28T20:01:19","modified_gmt":"2026-04-28T18:01:19","slug":"mergata-pajis-spitalin-e-dializes-ne-struge-me-aparatura-moderne","status":"publish","type":"post","link":"https:\/\/www.albinfo.at\/de\/mergata-pajis-spitalin-e-dializes-ne-struge-me-aparatura-moderne\/","title":{"rendered":"Die Diaspora stattet das Dialyse Krankenhaus in Struga mit modernen Ger\u00e4ten aus"},"content":{"rendered":"<p data-start=\"1024\" data-end=\"1236\">Das Dialyse Krankenhaus in Struga wurde mit Dutzenden moderner medizinischer Ger\u00e4te ausgestattet, die die Qualit\u00e4t der Versorgung f\u00fcr die Patienten deutlich verbessern sollen, berichtet albinfo.ch.<\/p>\n<p data-start=\"1238\" data-end=\"1590\">Bei dieser Initiative spielte der Arzt Shk\u00eblqim Re\u00e7i, der im Carl von Basedow Klinikum in Merseburg in Deutschland t\u00e4tig ist, eine Schl\u00fcsselrolle. Die Zusammenarbeit wurde im Jahr 2024 nach dem Besuch des Botschafters von Nordmazedonien in Deutschland, Prof Dr Ylber Sela, initiiert und schuf direkte Verbindungen zwischen den Gesundheitseinrichtungen.<\/p>\n<p data-start=\"1592\" data-end=\"1901\">Die Spende umfasst Dialyseger\u00e4te, Beatmungsger\u00e4te, Ultraschallger\u00e4te, Monitore f\u00fcr Vitalparameter, Infusionspumpen sowie weitere notwendige Ausr\u00fcstung. Auch das Allgemeinkrankenhaus in Struga profitierte von diesem Projekt und wurde mit Beatmungsger\u00e4ten und Inkubatoren f\u00fcr die Intensivstationen ausgestattet.<\/p>\n<p data-start=\"1903\" data-end=\"2067\" data-is-last-node=\"\" data-is-only-node=\"\">Dieses Projekt gilt als ein bedeutendes Beispiel f\u00fcr den Beitrag der Diaspora und die institutionelle Zusammenarbeit zur Verbesserung des lokalen Gesundheitswesens.\/Albinfo.ch<\/p>\n","protected":false},"excerpt":{"rendered":"<p>Die albanische Diaspora stattet das Dialyse Krankenhaus in Struga mit modernen Ger\u00e4ten aus<\/p>\n","protected":false},"author":31,"featured_media":918878,"comment_status":"closed","ping_status":"closed","sticky":false,"template":"","format":"standard","meta":{"footnotes":""},"categories":[24636,24626,23265,23262,24631,1129,1133],"tags":[],"vendi":[],"content_country":[29888,31836,31837],"class_list":["post-919078","post","type-post","status-publish","format-standard","has-post-thumbnail","hentry","category-nachrichten-de-4","category-nord-macedonia-de-2","category-nord-macedonia","category-at-balkani-de","category-nachrichten-de-2","category-ch-balkan","category-e-diaspora-de","content_country-zvicer","content_country-austria-de","content_country-germany-de"],"acf":[],"_links":{"self":[{"href":"https:\/\/www.albinfo.at\/de\/wp-json\/wp\/v2\/posts\/919078","targetHints":{"allow":["GET"]}}],"collection":[{"href":"https:\/\/www.albinfo.at\/de\/wp-json\/wp\/v2\/posts"}],"about":[{"href":"https:\/\/www.albinfo.at\/de\/wp-json\/wp\/v2\/types\/post"}],"author":[{"embeddable":true,"href":"https:\/\/www.albinfo.at\/de\/wp-json\/wp\/v2\/users\/31"}],"replies":[{"embeddable":true,"href":"https:\/\/www.albinfo.at\/de\/wp-json\/wp\/v2\/comments?post=919078"}],"version-history":[{"count":2,"href":"https:\/\/www.albinfo.at\/de\/wp-json\/wp\/v2\/posts\/919078\/revisions"}],"predecessor-version":[{"id":919080,"href":"https:\/\/www.albinfo.at\/de\/wp-json\/wp\/v2\/posts\/919078\/revisions\/919080"}],"wp:featuredmedia":[{"embeddable":true,"href":"https:\/\/www.albinfo.at\/de\/wp-json\/wp\/v2\/media\/918878"}],"wp:attachment":[{"href":"https:\/\/www.albinfo.at\/de\/wp-json\/wp\/v2\/media?parent=919078"}],"wp:term":[{"taxonomy":"category","embeddable":true,"href":"https:\/\/www.albinfo.at\/de\/wp-json\/wp\/v2\/categories?post=919078"},{"taxonomy":"post_tag","embeddable":true,"href":"https:\/\/www.albinfo.at\/de\/wp-json\/wp\/v2\/tags?post=919078"},{"taxonomy":"vendi","embeddable":true,"href":"https:\/\/www.albinfo.at\/de\/wp-json\/wp\/v2\/vendi?post=919078"},{"taxonomy":"content_country","embeddable":true,"href":"https:\/\/www.albinfo.at\/de\/wp-json\/wp\/v2\/content_country?post=919078"}],"curies":[{"name":"wp","href":"https:\/\/api.w.org\/{rel}","templated":true}]}}