{"id":918810,"date":"2026-04-27T18:40:33","date_gmt":"2026-04-27T16:40:33","guid":{"rendered":"https:\/\/www.albinfo.ch\/futbollisti-shqiptar-shpallet-kampion-ne-kroaci\/"},"modified":"2026-04-27T22:36:32","modified_gmt":"2026-04-27T20:36:32","slug":"futbollisti-shqiptar-shpallet-kampion-ne-kroaci","status":"publish","type":"post","link":"https:\/\/www.albinfo.at\/de\/futbollisti-shqiptar-shpallet-kampion-ne-kroaci\/","title":{"rendered":"Der albanische Fu\u00dfballspieler wird in Kroatien Meister"},"content":{"rendered":"<section class=\"text-token-text-primary w-full focus:outline-none [--shadow-height:45px] has-data-writing-block:pointer-events-none has-data-writing-block:-mt-(--shadow-height) has-data-writing-block:pt-(--shadow-height) [&amp;:has([data-writing-block])&gt;*]:pointer-events-auto [content-visibility:auto] supports-[content-visibility:auto]:[contain-intrinsic-size:auto_100lvh] R6Vx5W_threadScrollVars scroll-mb-[calc(var(--scroll-root-safe-area-inset-bottom,0px)+var(--thread-response-height))] scroll-mt-[calc(var(--header-height)+min(200px,max(70px,20svh)))]\" dir=\"auto\" data-turn-id=\"request-69e1423e-56b8-8384-8ae3-f2a5b12af2ec-17\" data-testid=\"conversation-turn-540\" data-scroll-anchor=\"false\" data-turn=\"assistant\">\n<div class=\"text-base my-auto mx-auto pb-10 [--thread-content-margin:var(--thread-content-margin-xs,calc(var(--spacing)*4))] @w-sm\/main:[--thread-content-margin:var(--thread-content-margin-sm,calc(var(--spacing)*6))] @w-lg\/main:[--thread-content-margin:var(--thread-content-margin-lg,calc(var(--spacing)*16))] px-(--thread-content-margin)\">\n<div class=\"[--thread-content-max-width:40rem] @w-lg\/main:[--thread-content-max-width:48rem] mx-auto max-w-(--thread-content-max-width) flex-1 group\/turn-messages focus-visible:outline-hidden relative flex w-full min-w-0 flex-col agent-turn\">\n<div class=\"flex max-w-full flex-col gap-4 grow\">\n<div class=\"min-h-8 text-message relative flex w-full flex-col items-end gap-2 text-start break-words whitespace-normal outline-none keyboard-focused:focus-ring [.text-message+&amp;]:mt-1\" dir=\"auto\" tabindex=\"0\" data-message-author-role=\"assistant\" data-message-id=\"747e0e50-9d5d-4833-a6c9-8f0f1bc13536\" data-message-model-slug=\"gpt-5-3\" data-turn-start-message=\"true\">\n<div class=\"flex w-full flex-col gap-1 empty:hidden\">\n<div class=\"markdown prose dark:prose-invert w-full wrap-break-word light markdown-new-styling\">\n<p data-start=\"1667\" data-end=\"1922\">Das vergangene Wochenende brachte erneut sehr positive Leistungen der Spieler der albanischen Nationalmannschaft in europ\u00e4ischen Ligen und dar\u00fcber hinaus und best\u00e4tigte die gute Form der &#8220;Kuqezinj&#8221; in dieser entscheidenden Phase der Saison.<\/p>\n<p data-start=\"1924\" data-end=\"2154\">Der Hauptprotagonist war Myrto Uzuni in der amerikanischen MLS. Der albanische St\u00fcrmer erzielte ein sehr sch\u00f6nes Tor beim 2 0 Sieg von Austin FC gegen Houston Dynamo, als er kurz vor der Halbzeit mit einem kraftvollen Schuss traf.<\/p>\n<p data-start=\"2156\" data-end=\"2325\">Uzuni zeigte w\u00e4hrend des gesamten Spiels eine sehr gute Leistung und wurde am Ende als bester Spieler der Partie ausgezeichnet, berichtet der FSHF, berichtet albinfo.ch.<\/p>\n<p data-start=\"2327\" data-end=\"2722\">Ein weiterer wichtiger Moment kam von Arb\u00ebr Hoxha, der beim 2 1 Sieg von Dinamo Zagreb gegen Varazdin in der Startelf stand. Mit diesem Erfolg sicherte sich Dinamo Zagreb vier Spieltage vor Saisonende mathematisch den Meistertitel und holte damit den 36 Titel der Vereinsgeschichte. Hoxha hat in dieser Saison einen wichtigen Beitrag geleistet, mit 29 Spielen in der Liga, 6 Toren und 5 Assists.<\/p>\n<p data-start=\"2724\" data-end=\"3047\">Am Wochenende standen viele Nationalspieler in den Startaufstellungen ihrer Teams und zeigten Konstanz und Bedeutung f\u00fcr ihre Mannschaften. Dazu geh\u00f6rten Thomas Strakosha, Berat Gjimshiti, Ardian Ismajli, Klisman Cake, Ylber Ramadani, Juljan Shehu, Qazim La\u00e7i, Adrion Pajaziti, Nazmi Gripshi, Anis Mehmeti und Mirlind Daku.<\/p>\n<p data-start=\"3049\" data-end=\"3234\" data-is-last-node=\"\" data-is-only-node=\"\">Auch mehrere weitere Spieler kamen von der Bank zum Einsatz, darunter Stavro Pilo, Kristjan Asllani, Armando Broja und Ernest Mu\u00e7i, die ebenfalls ihren Beitrag f\u00fcr ihre Teams leisteten.<\/p>\n<\/div>\n<\/div>\n<\/div>\n<\/div>\n<div class=\"z-0 flex min-h-[46px] justify-start\"><\/div>\n<div class=\"mt-3 w-full empty:hidden\">\n<div class=\"text-center\"><\/div>\n<\/div>\n<\/div>\n<\/div>\n<\/section>\n","protected":false},"excerpt":{"rendered":"<p>Hoxha hat in dieser Saison einen wichtigen Beitrag geleistet, mit 29 Spielen in der Liga, 6 Toren und 5 Assists<\/p>\n","protected":false},"author":14,"featured_media":918641,"comment_status":"closed","ping_status":"closed","sticky":false,"template":"","format":"standard","meta":{"footnotes":""},"categories":[4023,1139],"tags":[],"vendi":[],"content_country":[29888,31836,31837],"class_list":["post-918810","post","type-post","status-publish","format-standard","has-post-thumbnail","hentry","category-futboll-de","category-sport","content_country-zvicer","content_country-austria-de","content_country-germany-de"],"acf":[],"_links":{"self":[{"href":"https:\/\/www.albinfo.at\/de\/wp-json\/wp\/v2\/posts\/918810","targetHints":{"allow":["GET"]}}],"collection":[{"href":"https:\/\/www.albinfo.at\/de\/wp-json\/wp\/v2\/posts"}],"about":[{"href":"https:\/\/www.albinfo.at\/de\/wp-json\/wp\/v2\/types\/post"}],"author":[{"embeddable":true,"href":"https:\/\/www.albinfo.at\/de\/wp-json\/wp\/v2\/users\/14"}],"replies":[{"embeddable":true,"href":"https:\/\/www.albinfo.at\/de\/wp-json\/wp\/v2\/comments?post=918810"}],"version-history":[{"count":2,"href":"https:\/\/www.albinfo.at\/de\/wp-json\/wp\/v2\/posts\/918810\/revisions"}],"predecessor-version":[{"id":918815,"href":"https:\/\/www.albinfo.at\/de\/wp-json\/wp\/v2\/posts\/918810\/revisions\/918815"}],"wp:featuredmedia":[{"embeddable":true,"href":"https:\/\/www.albinfo.at\/de\/wp-json\/wp\/v2\/media\/918641"}],"wp:attachment":[{"href":"https:\/\/www.albinfo.at\/de\/wp-json\/wp\/v2\/media?parent=918810"}],"wp:term":[{"taxonomy":"category","embeddable":true,"href":"https:\/\/www.albinfo.at\/de\/wp-json\/wp\/v2\/categories?post=918810"},{"taxonomy":"post_tag","embeddable":true,"href":"https:\/\/www.albinfo.at\/de\/wp-json\/wp\/v2\/tags?post=918810"},{"taxonomy":"vendi","embeddable":true,"href":"https:\/\/www.albinfo.at\/de\/wp-json\/wp\/v2\/vendi?post=918810"},{"taxonomy":"content_country","embeddable":true,"href":"https:\/\/www.albinfo.at\/de\/wp-json\/wp\/v2\/content_country?post=918810"}],"curies":[{"name":"wp","href":"https:\/\/api.w.org\/{rel}","templated":true}]}}