{"id":918598,"date":"2026-04-27T10:45:55","date_gmt":"2026-04-27T08:45:55","guid":{"rendered":"https:\/\/www.albinfo.ch\/lea-ypi-zgjidhet-anetare-e-akademise-amerikane-te-arteve-dhe-shkencave\/"},"modified":"2026-04-27T09:08:00","modified_gmt":"2026-04-27T07:08:00","slug":"lea-ypi-zgjidhet-anetare-e-akademise-amerikane-te-arteve-dhe-shkencave","status":"publish","type":"post","link":"https:\/\/www.albinfo.at\/de\/lea-ypi-zgjidhet-anetare-e-akademise-amerikane-te-arteve-dhe-shkencave\/","title":{"rendered":"Lea Ypi wird zum Mitglied der Amerikanischen Akademie der K\u00fcnste und Wissenschaften gew\u00e4hlt"},"content":{"rendered":"<section class=\"text-token-text-primary w-full focus:outline-none [--shadow-height:45px] has-data-writing-block:pointer-events-none has-data-writing-block:-mt-(--shadow-height) has-data-writing-block:pt-(--shadow-height) [&amp;:has([data-writing-block])&gt;*]:pointer-events-auto [content-visibility:auto] supports-[content-visibility:auto]:[contain-intrinsic-size:auto_100lvh] R6Vx5W_threadScrollVars scroll-mb-[calc(var(--scroll-root-safe-area-inset-bottom,0px)+var(--thread-response-height))] scroll-mt-[calc(var(--header-height)+min(200px,max(70px,20svh)))]\" dir=\"auto\" data-turn-id=\"request-69e1423e-56b8-8384-8ae3-f2a5b12af2ec-5\" data-testid=\"conversation-turn-498\" data-scroll-anchor=\"false\" data-turn=\"assistant\">\n<div class=\"text-base my-auto mx-auto pb-10 [--thread-content-margin:var(--thread-content-margin-xs,calc(var(--spacing)*4))] @w-sm\/main:[--thread-content-margin:var(--thread-content-margin-sm,calc(var(--spacing)*6))] @w-lg\/main:[--thread-content-margin:var(--thread-content-margin-lg,calc(var(--spacing)*16))] px-(--thread-content-margin)\">\n<div class=\"[--thread-content-max-width:40rem] @w-lg\/main:[--thread-content-max-width:48rem] mx-auto max-w-(--thread-content-max-width) flex-1 group\/turn-messages focus-visible:outline-hidden relative flex w-full min-w-0 flex-col agent-turn\">\n<div class=\"flex max-w-full flex-col gap-4 grow\">\n<div class=\"min-h-8 text-message relative flex w-full flex-col items-end gap-2 text-start break-words whitespace-normal outline-none keyboard-focused:focus-ring [.text-message+&amp;]:mt-1\" dir=\"auto\" tabindex=\"0\" data-message-author-role=\"assistant\" data-message-id=\"ea48df1e-37e3-4acb-bad9-cbd30dfa260f\" data-message-model-slug=\"gpt-5-3\" data-turn-start-message=\"true\">\n<div class=\"flex w-full flex-col gap-1 empty:hidden\">\n<div class=\"markdown prose dark:prose-invert w-full wrap-break-word light markdown-new-styling\">\n<p data-start=\"1333\" data-end=\"1631\">Die albanische Akademikerin und Schriftstellerin Lea Ypi wurde zum Mitglied der Amerikanischen Akademie der K\u00fcnste und Wissenschaften gew\u00e4hlt, einer der prestigetr\u00e4chtigsten intellektuellen und akademischen Organisationen in den Vereinigten Staaten von Amerika, berichtet albinfo.ch.<\/p>\n<p data-start=\"1633\" data-end=\"1921\">Die Nachricht gab Ypi selbst \u00fcber soziale Medien bekannt, wo sie diese Wahl als gro\u00dfe Ehre, aber auch als Verantwortung bezeichnete, die Rolle des Wissens und die Werte der Aufkl\u00e4rung zu verteidigen, in einer Zeit, in der diese Prinzipien ihrer Meinung nach auf die Probe gestellt werden.<\/p>\n<p data-start=\"1923\" data-end=\"2172\">Sie betonte, dass die Mission der Akademie, das Interesse, die W\u00fcrde und das Wohlergehen einer freien Gesellschaft zu f\u00f6rdern, heute besonders wichtig sei, da die akademische Freiheit und die Autonomie der Universit\u00e4ten zunehmend unter Druck stehen.<\/p>\n<p data-start=\"2174\" data-end=\"2451\">Die Amerikanische Akademie der K\u00fcnste und Wissenschaften wurde 1780 gegr\u00fcndet und z\u00e4hlte im Laufe der Jahre weltbekannte Pers\u00f6nlichkeiten wie Benjamin Franklin, Alexander Hamilton, Charles Darwin, Albert Einstein, Martin Luther King Jr und Jacques Derrida zu ihren Mitgliedern.<\/p>\n<p data-start=\"2453\" data-end=\"2681\" data-is-last-node=\"\" data-is-only-node=\"\">Dies ist eine weitere internationale Anerkennung f\u00fcr Lea Ypi, die bereits im Jahr 2024 zum Fellow der British Academy gew\u00e4hlt wurde und damit ihr Profil in der internationalen akademischen und intellektuellen Welt weiter st\u00e4rkt. \/Albinfo.Ch<\/p>\n<\/div>\n<\/div>\n<\/div>\n<\/div>\n<\/div>\n<\/div>\n<\/section>\n","protected":false},"excerpt":{"rendered":"<p>Die albanische Schriftstellerin und Akademikerin bezeichnete diese Auszeichnung als Ehre und Verantwortung in einer Zeit, in der die akademische Freiheit herausgefordert wird<\/p>\n","protected":false},"author":31,"featured_media":917580,"comment_status":"closed","ping_status":"closed","sticky":false,"template":"","format":"standard","meta":{"footnotes":""},"categories":[24636,24631,1133],"tags":[],"vendi":[],"content_country":[29888,31836,31837],"class_list":["post-918598","post","type-post","status-publish","format-standard","has-post-thumbnail","hentry","category-nachrichten-de-4","category-nachrichten-de-2","category-e-diaspora-de","content_country-zvicer","content_country-austria-de","content_country-germany-de"],"acf":[],"_links":{"self":[{"href":"https:\/\/www.albinfo.at\/de\/wp-json\/wp\/v2\/posts\/918598","targetHints":{"allow":["GET"]}}],"collection":[{"href":"https:\/\/www.albinfo.at\/de\/wp-json\/wp\/v2\/posts"}],"about":[{"href":"https:\/\/www.albinfo.at\/de\/wp-json\/wp\/v2\/types\/post"}],"author":[{"embeddable":true,"href":"https:\/\/www.albinfo.at\/de\/wp-json\/wp\/v2\/users\/31"}],"replies":[{"embeddable":true,"href":"https:\/\/www.albinfo.at\/de\/wp-json\/wp\/v2\/comments?post=918598"}],"version-history":[{"count":2,"href":"https:\/\/www.albinfo.at\/de\/wp-json\/wp\/v2\/posts\/918598\/revisions"}],"predecessor-version":[{"id":918600,"href":"https:\/\/www.albinfo.at\/de\/wp-json\/wp\/v2\/posts\/918598\/revisions\/918600"}],"wp:featuredmedia":[{"embeddable":true,"href":"https:\/\/www.albinfo.at\/de\/wp-json\/wp\/v2\/media\/917580"}],"wp:attachment":[{"href":"https:\/\/www.albinfo.at\/de\/wp-json\/wp\/v2\/media?parent=918598"}],"wp:term":[{"taxonomy":"category","embeddable":true,"href":"https:\/\/www.albinfo.at\/de\/wp-json\/wp\/v2\/categories?post=918598"},{"taxonomy":"post_tag","embeddable":true,"href":"https:\/\/www.albinfo.at\/de\/wp-json\/wp\/v2\/tags?post=918598"},{"taxonomy":"vendi","embeddable":true,"href":"https:\/\/www.albinfo.at\/de\/wp-json\/wp\/v2\/vendi?post=918598"},{"taxonomy":"content_country","embeddable":true,"href":"https:\/\/www.albinfo.at\/de\/wp-json\/wp\/v2\/content_country?post=918598"}],"curies":[{"name":"wp","href":"https:\/\/api.w.org\/{rel}","templated":true}]}}