{"id":918541,"date":"2026-04-26T11:50:28","date_gmt":"2026-04-26T09:50:28","guid":{"rendered":"https:\/\/www.albinfo.ch\/xherdan-shaqiri-lendohet-ne-stervitje-mungon-ndaj-fc-sion\/"},"modified":"2026-04-26T21:23:07","modified_gmt":"2026-04-26T19:23:07","slug":"xherdan-shaqiri-lendohet-ne-stervitje-mungon-ndaj-fc-sion","status":"publish","type":"post","link":"https:\/\/www.albinfo.at\/de\/xherdan-shaqiri-lendohet-ne-stervitje-mungon-ndaj-fc-sion\/","title":{"rendered":"Xherdan Shaqiri verletzt sich im Training und fehlt im Spiel gegen den FC Sion"},"content":{"rendered":"<p data-start=\"589\" data-end=\"733\">Der Kapit\u00e4n des FC Basel, Xherdan Shaqiri, hat sich beim Training am Dienstag, dem 21 April 2026, verletzt, berichtet albinfo.ch.<\/p>\n<p data-start=\"735\" data-end=\"942\">Laut Vereinsmitteilung erlitt Shaqiri eine leichte strukturelle Muskelverletzung an der R\u00fcckseite des rechten Oberschenkels, weshalb er f\u00fcr das kommende Heimspiel gegen den FC Sion nicht zur Verf\u00fcgung steht.<\/p>\n<p data-start=\"944\" data-end=\"1084\">Der FC Basel gab bekannt, dass seine Abwesenheit mehrere Wochen dauern k\u00f6nnte, abh\u00e4ngig von seiner Genesung und seinem k\u00f6rperlichen Zustand.<\/p>\n<p data-start=\"1086\" data-end=\"1210\" data-is-last-node=\"\" data-is-only-node=\"\">Shaqiri ist eine der wichtigsten Figuren der Mannschaft und sein Fehlen wird sich in den kommenden Spielen bemerkbar machen.\/Albinfo.ch<\/p>\n","protected":false},"excerpt":{"rendered":"<p>Der Kapit\u00e4n von Basel erleidet eine Muskelverletzung und wird voraussichtlich mehrere Wochen ausfallen<\/p>\n","protected":false},"author":31,"featured_media":774000,"comment_status":"closed","ping_status":"closed","sticky":false,"template":"","format":"standard","meta":{"footnotes":""},"categories":[4023,24631,1139],"tags":[],"vendi":[],"content_country":[29888,31836,31837],"class_list":["post-918541","post","type-post","status-publish","format-standard","has-post-thumbnail","hentry","category-futboll-de","category-nachrichten-de-2","category-sport","content_country-zvicer","content_country-austria-de","content_country-germany-de"],"acf":[],"_links":{"self":[{"href":"https:\/\/www.albinfo.at\/de\/wp-json\/wp\/v2\/posts\/918541","targetHints":{"allow":["GET"]}}],"collection":[{"href":"https:\/\/www.albinfo.at\/de\/wp-json\/wp\/v2\/posts"}],"about":[{"href":"https:\/\/www.albinfo.at\/de\/wp-json\/wp\/v2\/types\/post"}],"author":[{"embeddable":true,"href":"https:\/\/www.albinfo.at\/de\/wp-json\/wp\/v2\/users\/31"}],"replies":[{"embeddable":true,"href":"https:\/\/www.albinfo.at\/de\/wp-json\/wp\/v2\/comments?post=918541"}],"version-history":[{"count":2,"href":"https:\/\/www.albinfo.at\/de\/wp-json\/wp\/v2\/posts\/918541\/revisions"}],"predecessor-version":[{"id":918543,"href":"https:\/\/www.albinfo.at\/de\/wp-json\/wp\/v2\/posts\/918541\/revisions\/918543"}],"wp:featuredmedia":[{"embeddable":true,"href":"https:\/\/www.albinfo.at\/de\/wp-json\/wp\/v2\/media\/774000"}],"wp:attachment":[{"href":"https:\/\/www.albinfo.at\/de\/wp-json\/wp\/v2\/media?parent=918541"}],"wp:term":[{"taxonomy":"category","embeddable":true,"href":"https:\/\/www.albinfo.at\/de\/wp-json\/wp\/v2\/categories?post=918541"},{"taxonomy":"post_tag","embeddable":true,"href":"https:\/\/www.albinfo.at\/de\/wp-json\/wp\/v2\/tags?post=918541"},{"taxonomy":"vendi","embeddable":true,"href":"https:\/\/www.albinfo.at\/de\/wp-json\/wp\/v2\/vendi?post=918541"},{"taxonomy":"content_country","embeddable":true,"href":"https:\/\/www.albinfo.at\/de\/wp-json\/wp\/v2\/content_country?post=918541"}],"curies":[{"name":"wp","href":"https:\/\/api.w.org\/{rel}","templated":true}]}}