{"id":918523,"date":"2026-04-26T09:40:18","date_gmt":"2026-04-26T07:40:18","guid":{"rendered":"https:\/\/www.albinfo.ch\/ftese-per-lexim-letrar-dhe-diskutim-me-autoret-jehona-kicaj-dhe-elona-beqiraj\/"},"modified":"2026-04-26T21:06:54","modified_gmt":"2026-04-26T19:06:54","slug":"ftese-per-lexim-letrar-dhe-diskutim-me-autoret-jehona-kicaj-dhe-elona-beqiraj","status":"publish","type":"post","link":"https:\/\/www.albinfo.at\/de\/ftese-per-lexim-letrar-dhe-diskutim-me-autoret-jehona-kicaj-dhe-elona-beqiraj\/","title":{"rendered":"Einladung zu einer literarischen Lesung und Diskussion mit den Autorinnen Jehona Kicaj und Elona Beqiraj"},"content":{"rendered":"<p data-start=\"1202\" data-end=\"1483\">Es wurde zur Teilnahme an einer literarischen Lesung und Diskussion mit den Autorinnen Jehona Kicaj und Elona Beqiraj aufgerufen, die in ihren Werken einf\u00fchlsam die Themen Krieg, Erinnerung und deren Auswirkungen auf die Gesellschaft behandeln, berichtet albinfo.ch.<\/p>\n<p data-start=\"1485\" data-end=\"1848\">Auch wenn der Krieg nicht direkt erlebt wird, bleiben seine Spuren in Familiengeschichten, Erinnerungen und auch in den stillen Erfahrungen bestehen, die von Generation zu Generation weitergegeben werden. Gerade zwischen Erinnerung und Vergessen entstehen unerz\u00e4hlte Geschichten, die weiterhin beeinflussen, wie wir uns selbst und die Welt um uns herum verstehen.<\/p>\n<p data-start=\"1850\" data-end=\"2115\">Bei dieser Veranstaltung werden die Autorinnen ihre Perspektiven zum Krieg im Kosovo vorstellen, ein Kapitel, das zwar vor mehr als 25 Jahren abgeschlossen wurde, aber weiterhin in pers\u00f6nlichen Erfahrungen und in der kollektiven Identit\u00e4t der Gesellschaft fortlebt.<\/p>\n<p data-start=\"2117\" data-end=\"2314\">Die Veranstaltung soll Raum f\u00fcr Reflexion, Dialog und Erinnerung durch Literatur schaffen und eine wichtige Diskussion \u00fcber Themen ansto\u00dfen, die die kosovarische Gesellschaft weiterhin tief pr\u00e4gen.<\/p>\n<p data-start=\"2316\" data-end=\"2383\" data-is-last-node=\"\" data-is-only-node=\"\">F\u00fcr weitere Informationen klicken Sie bitte auf den folgenden Link:<\/p>\n<p class=\"p1\"><a href=\"https:\/\/www.flucht-vertreibung-versoehnung.de\/de\/veranstaltung\/e-mit-jehona-kicaj-und-und-wir-kamen-jeden-sommer-mit-elona-beqiraj\"><span class=\"s1\">https:\/\/www.flucht-vertreibung-versoehnung.de\/de\/veranstaltung\/e-mit-jehona-kicaj-und-und-wir-kamen-jeden-sommer-mit-elona-beqiraj<\/span><\/a><\/p>\n","protected":false},"excerpt":{"rendered":"<p>Ein Abend der Reflexion \u00fcber Krieg, Erinnerung und die unerz\u00e4hlten Geschichten der Generationen<\/p>\n","protected":false},"author":31,"featured_media":918053,"comment_status":"closed","ping_status":"closed","sticky":false,"template":"","format":"standard","meta":{"footnotes":""},"categories":[24636,24661,24631,1133,1138],"tags":[],"vendi":[],"content_country":[29888,31836,31837],"class_list":["post-918523","post","type-post","status-publish","format-standard","has-post-thumbnail","hentry","category-nachrichten-de-4","category-literatur","category-nachrichten-de-2","category-e-diaspora-de","category-kultur","content_country-zvicer","content_country-austria-de","content_country-germany-de"],"acf":[],"_links":{"self":[{"href":"https:\/\/www.albinfo.at\/de\/wp-json\/wp\/v2\/posts\/918523","targetHints":{"allow":["GET"]}}],"collection":[{"href":"https:\/\/www.albinfo.at\/de\/wp-json\/wp\/v2\/posts"}],"about":[{"href":"https:\/\/www.albinfo.at\/de\/wp-json\/wp\/v2\/types\/post"}],"author":[{"embeddable":true,"href":"https:\/\/www.albinfo.at\/de\/wp-json\/wp\/v2\/users\/31"}],"replies":[{"embeddable":true,"href":"https:\/\/www.albinfo.at\/de\/wp-json\/wp\/v2\/comments?post=918523"}],"version-history":[{"count":2,"href":"https:\/\/www.albinfo.at\/de\/wp-json\/wp\/v2\/posts\/918523\/revisions"}],"predecessor-version":[{"id":918525,"href":"https:\/\/www.albinfo.at\/de\/wp-json\/wp\/v2\/posts\/918523\/revisions\/918525"}],"wp:featuredmedia":[{"embeddable":true,"href":"https:\/\/www.albinfo.at\/de\/wp-json\/wp\/v2\/media\/918053"}],"wp:attachment":[{"href":"https:\/\/www.albinfo.at\/de\/wp-json\/wp\/v2\/media?parent=918523"}],"wp:term":[{"taxonomy":"category","embeddable":true,"href":"https:\/\/www.albinfo.at\/de\/wp-json\/wp\/v2\/categories?post=918523"},{"taxonomy":"post_tag","embeddable":true,"href":"https:\/\/www.albinfo.at\/de\/wp-json\/wp\/v2\/tags?post=918523"},{"taxonomy":"vendi","embeddable":true,"href":"https:\/\/www.albinfo.at\/de\/wp-json\/wp\/v2\/vendi?post=918523"},{"taxonomy":"content_country","embeddable":true,"href":"https:\/\/www.albinfo.at\/de\/wp-json\/wp\/v2\/content_country?post=918523"}],"curies":[{"name":"wp","href":"https:\/\/api.w.org\/{rel}","templated":true}]}}