{"id":918412,"date":"2026-04-25T09:45:55","date_gmt":"2026-04-25T07:45:55","guid":{"rendered":"https:\/\/www.albinfo.ch\/ag-apolloni-prezanton-romanin-kesukekuqja-ne-universitetin-e-harvardit\/"},"modified":"2026-04-26T03:09:38","modified_gmt":"2026-04-26T01:09:38","slug":"ag-apolloni-prezanton-romanin-kesukekuqja-ne-universitetin-e-harvardit","status":"publish","type":"post","link":"https:\/\/www.albinfo.at\/de\/ag-apolloni-prezanton-romanin-kesukekuqja-ne-universitetin-e-harvardit\/","title":{"rendered":"Ag Apolloni pr\u00e4sentiert den Roman &#8220;K\u00ebsul\u00ebkuqja&#8221; an der Universit\u00e4t Harvard"},"content":{"rendered":"<p data-start=\"926\" data-end=\"1238\">Im Rahmen des Welttages des Buches wurde an der Universit\u00e4t Harvard ein literarisches Treffen mit dem albanischen Schriftsteller Ag Apolloni organisiert, bei dem sein Roman &#8220;K\u00ebsul\u00ebkuqja, p\u00ebrrall\u00eb p\u00ebr t\u00eb rritur&#8221; &#8220;Red Riding Hood: A Fairy tale for Grown ups&#8221; vorgestellt wurde, berichtet albinfo.ch.<\/p>\n<p data-start=\"1240\" data-end=\"1465\">Die Veranstaltung fand in der Menschel Hall, einem Teil der Harvard Art Museums, statt und stellte einen wichtigen Moment f\u00fcr die Pr\u00e4sentation der albanischen Literatur an einer der renommiertesten Universit\u00e4ten der Welt dar.<\/p>\n<p data-start=\"1467\" data-end=\"1704\">An der Veranstaltung nahm auch die bekannte Wissenschaftlerin Maria Tatar teil, w\u00e4hrend die Vorstellung des Autors und seines Werkes von Ekaterina Pirozhenko aus dem Department f\u00fcr Germanische Sprachen und Literaturen durchgef\u00fchrt wurde.<\/p>\n<p data-start=\"1706\" data-end=\"1878\" data-is-last-node=\"\" data-is-only-node=\"\">Diese Pr\u00e4sentation gilt als ein wichtiger Schritt zur St\u00e4rkung der Pr\u00e4senz der albanischen Literatur auf der internationalen B\u00fchne und in den globalen akademischen Kreisen.\/Albinfo.ch<\/p>\n","protected":false},"excerpt":{"rendered":"<p>Das literarische Treffen wurde am Welttag des Buches im Rahmen der F\u00f6rderung der albanischen Literatur auf der internationalen B\u00fchne organisiert<\/p>\n","protected":false},"author":31,"featured_media":917981,"comment_status":"closed","ping_status":"closed","sticky":false,"template":"","format":"standard","meta":{"footnotes":""},"categories":[24636,24661,24631,1133,1138],"tags":[],"vendi":[],"content_country":[29888,31836,31837],"class_list":["post-918412","post","type-post","status-publish","format-standard","has-post-thumbnail","hentry","category-nachrichten-de-4","category-literatur","category-nachrichten-de-2","category-e-diaspora-de","category-kultur","content_country-zvicer","content_country-austria-de","content_country-germany-de"],"acf":[],"_links":{"self":[{"href":"https:\/\/www.albinfo.at\/de\/wp-json\/wp\/v2\/posts\/918412","targetHints":{"allow":["GET"]}}],"collection":[{"href":"https:\/\/www.albinfo.at\/de\/wp-json\/wp\/v2\/posts"}],"about":[{"href":"https:\/\/www.albinfo.at\/de\/wp-json\/wp\/v2\/types\/post"}],"author":[{"embeddable":true,"href":"https:\/\/www.albinfo.at\/de\/wp-json\/wp\/v2\/users\/31"}],"replies":[{"embeddable":true,"href":"https:\/\/www.albinfo.at\/de\/wp-json\/wp\/v2\/comments?post=918412"}],"version-history":[{"count":2,"href":"https:\/\/www.albinfo.at\/de\/wp-json\/wp\/v2\/posts\/918412\/revisions"}],"predecessor-version":[{"id":918414,"href":"https:\/\/www.albinfo.at\/de\/wp-json\/wp\/v2\/posts\/918412\/revisions\/918414"}],"wp:featuredmedia":[{"embeddable":true,"href":"https:\/\/www.albinfo.at\/de\/wp-json\/wp\/v2\/media\/917981"}],"wp:attachment":[{"href":"https:\/\/www.albinfo.at\/de\/wp-json\/wp\/v2\/media?parent=918412"}],"wp:term":[{"taxonomy":"category","embeddable":true,"href":"https:\/\/www.albinfo.at\/de\/wp-json\/wp\/v2\/categories?post=918412"},{"taxonomy":"post_tag","embeddable":true,"href":"https:\/\/www.albinfo.at\/de\/wp-json\/wp\/v2\/tags?post=918412"},{"taxonomy":"vendi","embeddable":true,"href":"https:\/\/www.albinfo.at\/de\/wp-json\/wp\/v2\/vendi?post=918412"},{"taxonomy":"content_country","embeddable":true,"href":"https:\/\/www.albinfo.at\/de\/wp-json\/wp\/v2\/content_country?post=918412"}],"curies":[{"name":"wp","href":"https:\/\/api.w.org\/{rel}","templated":true}]}}