{"id":909395,"date":"2026-03-18T12:48:07","date_gmt":"2026-03-18T11:48:07","guid":{"rendered":"https:\/\/www.albinfo.ch\/?p=909395"},"modified":"2026-03-19T01:41:37","modified_gmt":"2026-03-19T00:41:37","slug":"kosovo-die-alpinistinnen-uta-ibrahimi-und-mrika-nikqi-mit-briefmarken-geehrt","status":"publish","type":"post","link":"https:\/\/www.albinfo.at\/de\/kosovo-die-alpinistinnen-uta-ibrahimi-und-mrika-nikqi-mit-briefmarken-geehrt\/","title":{"rendered":"Kosovo: Die Alpinistinnen Uta Ibrahimi und Mrika Nikqi mit Briefmarken geehrt"},"content":{"rendered":"<p data-start=\"1019\" data-end=\"1273\">Die kosovarischen Alpinistinnen Uta Ibrahimi und Mrika Nikqi wurden mit der Herausgabe einer besonderen Briefmarkenserie geehrt, bei einer Zeremonie in Pristina, an der institutionelle Vertreter sowie die Alpinistinnen selbst teilnahmen.<\/p>\n<p data-start=\"1275\" data-end=\"1639\">Diese besondere Ausgabe ist dem kosovarischen Alpinismus und der Rolle der Frauen gewidmet, die durch Mut, Engagement und au\u00dfergew\u00f6hnliche Leistungen Kosovo auf internationaler Ebene bekannt gemacht haben. In diesem Zusammenhang wurde der Beitrag von Ibrahimi und Nikqi besonders gew\u00fcrdigt, vor allem durch ihre Besteigungen einiger der h\u00f6chsten Gipfel der Welt.<\/p>\n<p data-start=\"1641\" data-end=\"2019\" data-is-last-node=\"\" data-is-only-node=\"\">Ministerin Artane Rizvanolli gratulierte den beiden Alpinistinnen zu ihren Erfolgen und betonte die Bedeutung der F\u00f6rderung von Pers\u00f6nlichkeiten, die Kosovo in der Welt w\u00fcrdig vertreten. Der Minister Hajrulla \u00c7eku Jagxhiu hob hingegen die Bedeutung der F\u00f6rderung von Aktivit\u00e4ten in der Natur sowie die inspirierende Rolle hervor, die diese Pers\u00f6nlichkeiten f\u00fcr die Jugend haben.<\/p>\n<p><a href=\"https:\/\/www.albinfo.ch\/wp-content\/uploads\/2026\/03\/screenshot_20260318_193838_gmail.jpg\"><img loading=\"lazy\" decoding=\"async\" class=\"alignnone size-large wp-image-909295\" src=\"https:\/\/www.albinfo.ch\/wp-content\/uploads\/2026\/03\/screenshot_20260318_193838_gmail-1024x768.jpg\" alt=\"\" width=\"640\" height=\"480\" srcset=\"https:\/\/www.albinfo.at\/wp-content\/uploads\/2026\/03\/screenshot_20260318_193838_gmail-1024x768.jpg 1024w, https:\/\/www.albinfo.at\/wp-content\/uploads\/2026\/03\/screenshot_20260318_193838_gmail-300x225.jpg 300w, https:\/\/www.albinfo.at\/wp-content\/uploads\/2026\/03\/screenshot_20260318_193838_gmail-768x576.jpg 768w, https:\/\/www.albinfo.at\/wp-content\/uploads\/2026\/03\/screenshot_20260318_193838_gmail-528x396.jpg 528w, https:\/\/www.albinfo.at\/wp-content\/uploads\/2026\/03\/screenshot_20260318_193838_gmail-133x100.jpg 133w, https:\/\/www.albinfo.at\/wp-content\/uploads\/2026\/03\/screenshot_20260318_193838_gmail-233x175.jpg 233w, https:\/\/www.albinfo.at\/wp-content\/uploads\/2026\/03\/screenshot_20260318_193838_gmail.jpg 1078w\" sizes=\"auto, (max-width: 640px) 100vw, 640px\" \/><\/a><\/p>\n<p data-start=\"549\" data-end=\"839\">W\u00e4hrend der Zeremonie berichteten Uta Ibrahimi und Mrika Nikqi \u00fcber ihre Erfahrungen aus den Bergexpeditionen, die Herausforderungen, die sie gemeistert haben, sowie \u00fcber motivierende Botschaften an junge Menschen, einen aktiven und disziplinierten Lebensstil zu verfolgen.<\/p>\n<p data-start=\"841\" data-end=\"1125\" data-is-last-node=\"\" data-is-only-node=\"\">Die Briefmarken wurden den Alpinistinnen von der Gesch\u00e4ftsf\u00fchrerin der Post des Kosovo, Nora Rraci, \u00fcberreicht. Sie betonte, dass ihre Aufnahme in die Philatelie des Kosovo eine institutionelle Anerkennung ihrer Leistungen darstellt und gleichzeitig zur F\u00f6rderung des Landes beitr\u00e4gt.<\/p>\n","protected":false},"excerpt":{"rendered":"<p>Die kosovarischen Alpinistinnen Uta Ibrahimi und Mrika Nikqi wurden mit der Herausgabe einer besonderen Briefmarkenserie geehrt, bei einer Zeremonie in Pristina, an der institutionelle Vertreter sowie die Alpinistinnen selbst teilnahmen. Diese besondere Ausgabe ist dem kosovarischen Alpinismus und der Rolle der Frauen gewidmet, die durch Mut, Engagement und au\u00dfergew\u00f6hnliche Leistungen Kosovo auf internationaler Ebene bekannt [&hellip;]<\/p>\n","protected":false},"author":6,"featured_media":909294,"comment_status":"closed","ping_status":"closed","sticky":false,"template":"","format":"standard","meta":{"footnotes":""},"categories":[33056,23263,1130,3952,23269,23262,24621,24635,1129],"tags":[],"vendi":[],"content_country":[],"class_list":["post-909395","post","type-post","status-publish","format-standard","has-post-thumbnail","hentry","category-de-balkani-de","category-kosova-de-2","category-aktuell","category-kosova-de","category-news","category-at-balkani-de","category-kosova-de-3","category-nachrichten-de-3","category-ch-balkan"],"acf":[],"_links":{"self":[{"href":"https:\/\/www.albinfo.at\/de\/wp-json\/wp\/v2\/posts\/909395","targetHints":{"allow":["GET"]}}],"collection":[{"href":"https:\/\/www.albinfo.at\/de\/wp-json\/wp\/v2\/posts"}],"about":[{"href":"https:\/\/www.albinfo.at\/de\/wp-json\/wp\/v2\/types\/post"}],"author":[{"embeddable":true,"href":"https:\/\/www.albinfo.at\/de\/wp-json\/wp\/v2\/users\/6"}],"replies":[{"embeddable":true,"href":"https:\/\/www.albinfo.at\/de\/wp-json\/wp\/v2\/comments?post=909395"}],"version-history":[{"count":1,"href":"https:\/\/www.albinfo.at\/de\/wp-json\/wp\/v2\/posts\/909395\/revisions"}],"predecessor-version":[{"id":909396,"href":"https:\/\/www.albinfo.at\/de\/wp-json\/wp\/v2\/posts\/909395\/revisions\/909396"}],"wp:featuredmedia":[{"embeddable":true,"href":"https:\/\/www.albinfo.at\/de\/wp-json\/wp\/v2\/media\/909294"}],"wp:attachment":[{"href":"https:\/\/www.albinfo.at\/de\/wp-json\/wp\/v2\/media?parent=909395"}],"wp:term":[{"taxonomy":"category","embeddable":true,"href":"https:\/\/www.albinfo.at\/de\/wp-json\/wp\/v2\/categories?post=909395"},{"taxonomy":"post_tag","embeddable":true,"href":"https:\/\/www.albinfo.at\/de\/wp-json\/wp\/v2\/tags?post=909395"},{"taxonomy":"vendi","embeddable":true,"href":"https:\/\/www.albinfo.at\/de\/wp-json\/wp\/v2\/vendi?post=909395"},{"taxonomy":"content_country","embeddable":true,"href":"https:\/\/www.albinfo.at\/de\/wp-json\/wp\/v2\/content_country?post=909395"}],"curies":[{"name":"wp","href":"https:\/\/api.w.org\/{rel}","templated":true}]}}