{"id":908720,"date":"2026-03-16T11:49:27","date_gmt":"2026-03-16T10:49:27","guid":{"rendered":"https:\/\/www.albinfo.ch\/?p=908720"},"modified":"2026-03-16T23:12:33","modified_gmt":"2026-03-16T22:12:33","slug":"in-bern-wird-das-buch-klithma-der-autorin-alketa-gashi-fazliu-vorgestellt","status":"publish","type":"post","link":"https:\/\/www.albinfo.at\/de\/in-bern-wird-das-buch-klithma-der-autorin-alketa-gashi-fazliu-vorgestellt\/","title":{"rendered":"In Bern wird das Buch &#8220;Klithma&#8221; der Autorin Alketa Gashi Fazliu vorgestellt"},"content":{"rendered":"<p data-start=\"990\" data-end=\"1256\">Am Samstag, den 28. M\u00e4rz 2026, um 18:00 Uhr, im Kongresszentrum Allresto in Bern (Effingerstrasse 20, 3008 Bern, Parking City West), wird die Vorstellung des Buches &#8220;Klithma&#8221; der Autorin Alketa Gashi Fazliu organisiert von der Lidhja Shqiptare n\u00eb Bot\u00eb stattfinden.<\/p>\n<p data-start=\"1258\" data-end=\"1536\">Das Buch bringt eindrucksvolle und ersch\u00fctternde Berichte von Kindern, die w\u00e4hrend des Krieges im Kosovo verst\u00fcmmelt wurden. Durch ihre Zeugnisse zeigt die Autorin die schmerzhaftesten Folgen des Krieges, die Wunden, die nicht nur am K\u00f6rper, sondern auch in der Seele bleiben.<\/p>\n<p data-start=\"1538\" data-end=\"1742\">&#8220;Klithma&#8221; ist ein Aufruf zur Erinnerung und zum Bewusstsein und erinnert daran, dass sich hinter jeder Kriegsstatistik menschliche Geschichten von Leid, aber auch von St\u00e4rke, Mut und Hoffnung verbergen.<\/p>\n<p data-start=\"1744\" data-end=\"1954\" data-is-last-node=\"\" data-is-only-node=\"\">Die Buchvorstellung in Bern wird voraussichtlich B\u00fccherfreunde, Vertreter der Gemeinschaft und ein interessiertes Publikum zusammenbringen, um \u00fcber ein wichtiges Kapitel der kollektiven Erinnerung nachzudenken.<\/p>\n","protected":false},"excerpt":{"rendered":"<p>Das Buch bringt eindrucksvolle und ersch\u00fctternde Geschichten von Kindern, die w\u00e4hrend des Krieges im Kosovo verst\u00fcmmelt wurden<\/p>\n","protected":false},"author":6,"featured_media":908625,"comment_status":"closed","ping_status":"closed","sticky":false,"template":"","format":"standard","meta":{"footnotes":""},"categories":[34932,24661,24631,1138,1154],"tags":[],"vendi":[],"content_country":[29888,31836,31837],"class_list":["post-908720","post","type-post","status-publish","format-standard","has-post-thumbnail","hentry","category-kalender","category-literatur","category-nachrichten-de-2","category-kultur","category-tagebuch","content_country-zvicer","content_country-austria-de","content_country-germany-de"],"acf":[],"_links":{"self":[{"href":"https:\/\/www.albinfo.at\/de\/wp-json\/wp\/v2\/posts\/908720","targetHints":{"allow":["GET"]}}],"collection":[{"href":"https:\/\/www.albinfo.at\/de\/wp-json\/wp\/v2\/posts"}],"about":[{"href":"https:\/\/www.albinfo.at\/de\/wp-json\/wp\/v2\/types\/post"}],"author":[{"embeddable":true,"href":"https:\/\/www.albinfo.at\/de\/wp-json\/wp\/v2\/users\/6"}],"replies":[{"embeddable":true,"href":"https:\/\/www.albinfo.at\/de\/wp-json\/wp\/v2\/comments?post=908720"}],"version-history":[{"count":1,"href":"https:\/\/www.albinfo.at\/de\/wp-json\/wp\/v2\/posts\/908720\/revisions"}],"predecessor-version":[{"id":908721,"href":"https:\/\/www.albinfo.at\/de\/wp-json\/wp\/v2\/posts\/908720\/revisions\/908721"}],"wp:featuredmedia":[{"embeddable":true,"href":"https:\/\/www.albinfo.at\/de\/wp-json\/wp\/v2\/media\/908625"}],"wp:attachment":[{"href":"https:\/\/www.albinfo.at\/de\/wp-json\/wp\/v2\/media?parent=908720"}],"wp:term":[{"taxonomy":"category","embeddable":true,"href":"https:\/\/www.albinfo.at\/de\/wp-json\/wp\/v2\/categories?post=908720"},{"taxonomy":"post_tag","embeddable":true,"href":"https:\/\/www.albinfo.at\/de\/wp-json\/wp\/v2\/tags?post=908720"},{"taxonomy":"vendi","embeddable":true,"href":"https:\/\/www.albinfo.at\/de\/wp-json\/wp\/v2\/vendi?post=908720"},{"taxonomy":"content_country","embeddable":true,"href":"https:\/\/www.albinfo.at\/de\/wp-json\/wp\/v2\/content_country?post=908720"}],"curies":[{"name":"wp","href":"https:\/\/api.w.org\/{rel}","templated":true}]}}