{"id":908331,"date":"2026-03-15T09:39:55","date_gmt":"2026-03-15T08:39:55","guid":{"rendered":"https:\/\/www.albinfo.ch\/?p=908331"},"modified":"2026-03-15T17:23:08","modified_gmt":"2026-03-15T16:23:08","slug":"von-der-familie-im-dienst-der-stadt-albanisches-ehepaar-in-den-gemeinderat-von-yverdon-les-bains-gewaehlt","status":"publish","type":"post","link":"https:\/\/www.albinfo.at\/de\/von-der-familie-im-dienst-der-stadt-albanisches-ehepaar-in-den-gemeinderat-von-yverdon-les-bains-gewaehlt\/","title":{"rendered":"Von der Familie im Dienst der Stadt: albanisches Ehepaar in den Gemeinderat von Yverdon les Bains gew\u00e4hlt"},"content":{"rendered":"<p data-start=\"1644\" data-end=\"1902\">Das Engagement der Albaner im \u00f6ffentlichen Leben der Schweiz st\u00e4rkt sich auch auf lokaler Ebene weiter. Ein neues Beispiel kommt aus der Stadt Yverdon les Bains, wo das Ehepaar Nexhmije Bruti und Taulant Bruti in den Gemeinderat dieser Stadt gew\u00e4hlt wurde.<\/p>\n<p data-start=\"1904\" data-end=\"2201\">Beide kandidierten f\u00fcr die Sozialdemokratische Partei und gewannen das Vertrauen der B\u00fcrger, um ihre Interessen in diesem lokalen Gremium zu vertreten. Ihre Wahl ist besonders symbolisch, da es sich um ein Ehepaar handelt, das gemeinsam an den kommunalen Entscheidungen der Stadt mitwirken wird.<\/p>\n<p data-start=\"2203\" data-end=\"2528\">F\u00fcr Nexhmije und Taulant Bruti bedeutet dieses Mandat eine gro\u00dfe Verantwortung und eine M\u00f6glichkeit, zur Entwicklung der Stadt beizutragen, in der sie seit Jahren leben und t\u00e4tig sind. Sie zeigen sich motiviert, im Dienst der B\u00fcrger zu arbeiten und Initiativen zu unterst\u00fctzen, die das Leben in der Gemeinschaft verbessern.<\/p>\n<p data-start=\"2530\" data-end=\"2964\">Yverdon les Bains im Kanton Waadt geh\u00f6rt zu den wichtigsten St\u00e4dten der Region Jura und Neuenburgersee. Die Stadt ist bekannt f\u00fcr ihre lange Geschichte, die bis in die R\u00f6merzeit zur\u00fcckreicht, sowie f\u00fcr ihre Thermalquellen, die sie zu einem bekannten Kur und Tourismusort in der Schweiz gemacht haben. Mit einer langen Tradition in Bildung, Kultur und Innovation ist Yverdon les Bains heute eine dynamische und multikulturelle Stadt.<\/p>\n<p data-start=\"2966\" data-end=\"3221\" data-is-last-node=\"\" data-is-only-node=\"\">Die Wahl von zwei Vertretern mit albanischer Herkunft in den Gemeinderat dieser Stadt spiegelt auch die zunehmende Vielfalt der Schweizer Gesellschaft und die wachsende Rolle der albanischen Diaspora im politischen und \u00f6ffentlichen Leben des Landes wider.<\/p>\n","protected":false},"excerpt":{"rendered":"<p>Das Engagement der Albaner im \u00f6ffentlichen Leben der Schweiz st\u00e4rkt sich auch auf lokaler Ebene weiter. Ein neues Beispiel kommt aus der Stadt Yverdon les Bains, wo das Ehepaar Nexhmije Bruti und Taulant Bruti in den Gemeinderat dieser Stadt gew\u00e4hlt wurde. Beide kandidierten f\u00fcr die Sozialdemokratische Partei und gewannen das Vertrauen der B\u00fcrger, um ihre [&hellip;]<\/p>\n","protected":false},"author":6,"featured_media":908033,"comment_status":"closed","ping_status":"closed","sticky":false,"template":"","format":"standard","meta":{"footnotes":""},"categories":[24636,1134,24006,1133,1140],"tags":[],"vendi":[],"content_country":[],"class_list":["post-908331","post","type-post","status-publish","format-standard","has-post-thumbnail","hentry","category-nachrichten-de-4","category-integration","category-lajme-jeta-ne-zvicer-de","category-e-diaspora-de","category-leben-in-der-schweiz"],"acf":[],"_links":{"self":[{"href":"https:\/\/www.albinfo.at\/de\/wp-json\/wp\/v2\/posts\/908331","targetHints":{"allow":["GET"]}}],"collection":[{"href":"https:\/\/www.albinfo.at\/de\/wp-json\/wp\/v2\/posts"}],"about":[{"href":"https:\/\/www.albinfo.at\/de\/wp-json\/wp\/v2\/types\/post"}],"author":[{"embeddable":true,"href":"https:\/\/www.albinfo.at\/de\/wp-json\/wp\/v2\/users\/6"}],"replies":[{"embeddable":true,"href":"https:\/\/www.albinfo.at\/de\/wp-json\/wp\/v2\/comments?post=908331"}],"version-history":[{"count":1,"href":"https:\/\/www.albinfo.at\/de\/wp-json\/wp\/v2\/posts\/908331\/revisions"}],"predecessor-version":[{"id":908332,"href":"https:\/\/www.albinfo.at\/de\/wp-json\/wp\/v2\/posts\/908331\/revisions\/908332"}],"wp:featuredmedia":[{"embeddable":true,"href":"https:\/\/www.albinfo.at\/de\/wp-json\/wp\/v2\/media\/908033"}],"wp:attachment":[{"href":"https:\/\/www.albinfo.at\/de\/wp-json\/wp\/v2\/media?parent=908331"}],"wp:term":[{"taxonomy":"category","embeddable":true,"href":"https:\/\/www.albinfo.at\/de\/wp-json\/wp\/v2\/categories?post=908331"},{"taxonomy":"post_tag","embeddable":true,"href":"https:\/\/www.albinfo.at\/de\/wp-json\/wp\/v2\/tags?post=908331"},{"taxonomy":"vendi","embeddable":true,"href":"https:\/\/www.albinfo.at\/de\/wp-json\/wp\/v2\/vendi?post=908331"},{"taxonomy":"content_country","embeddable":true,"href":"https:\/\/www.albinfo.at\/de\/wp-json\/wp\/v2\/content_country?post=908331"}],"curies":[{"name":"wp","href":"https:\/\/api.w.org\/{rel}","templated":true}]}}