{"id":907959,"date":"2026-03-13T14:41:14","date_gmt":"2026-03-13T13:41:14","guid":{"rendered":"https:\/\/www.albinfo.ch\/?p=907959"},"modified":"2026-03-13T22:41:47","modified_gmt":"2026-03-13T21:41:47","slug":"morgen-in-bern-kommt-zur-veranstaltung-krone-der-freiheit","status":"publish","type":"post","link":"https:\/\/www.albinfo.at\/de\/morgen-in-bern-kommt-zur-veranstaltung-krone-der-freiheit\/","title":{"rendered":"Morgen in Bern: Kommt zur Veranstaltung &#8221; Krone der Freiheit \u201c"},"content":{"rendered":"<p data-start=\"561\" data-end=\"820\">Morgen, am 14. M\u00e4rz, findet in der Kursaal Arena in Bern die Gedenkveranstaltung mit k\u00fcnstlerischem Programm &#8221; Krone der Freiheit \u201c statt, die die albanische Diaspora zu einer besonderen Veranstaltung im Zeichen von Kultur und nationalem Gedenken zusammenbringt.<\/p>\n<p data-start=\"822\" data-end=\"1097\" data-is-last-node=\"\" data-is-only-node=\"\">Die Veranstaltung wird vom Rat der albanischen Kulturvereine in der Schweiz zu Ehren des heiligen Opfers der Familie Jashari und aller Gefallenen f\u00fcr die Freiheit des Kosovo organisiert. Sie soll auch die Verbindung zwischen den Generationen der albanischen Diaspora st\u00e4rken.<\/p>\n<p><a href=\"https:\/\/www.albinfo.ch\/wp-content\/uploads\/2026\/03\/ekspo-alickaj.jpg\"><img loading=\"lazy\" decoding=\"async\" class=\"alignnone wp-image-907820\" src=\"https:\/\/www.albinfo.ch\/wp-content\/uploads\/2026\/03\/ekspo-alickaj.jpg\" alt=\"\" width=\"564\" height=\"800\" srcset=\"https:\/\/www.albinfo.at\/wp-content\/uploads\/2026\/03\/ekspo-alickaj.jpg 1443w, https:\/\/www.albinfo.at\/wp-content\/uploads\/2026\/03\/ekspo-alickaj-211x300.jpg 211w, https:\/\/www.albinfo.at\/wp-content\/uploads\/2026\/03\/ekspo-alickaj-722x1024.jpg 722w, https:\/\/www.albinfo.at\/wp-content\/uploads\/2026\/03\/ekspo-alickaj-768x1089.jpg 768w, https:\/\/www.albinfo.at\/wp-content\/uploads\/2026\/03\/ekspo-alickaj-1083x1536.jpg 1083w, https:\/\/www.albinfo.at\/wp-content\/uploads\/2026\/03\/ekspo-alickaj-169x240.jpg 169w, https:\/\/www.albinfo.at\/wp-content\/uploads\/2026\/03\/ekspo-alickaj-279x396.jpg 279w, https:\/\/www.albinfo.at\/wp-content\/uploads\/2026\/03\/ekspo-alickaj-70x100.jpg 70w, https:\/\/www.albinfo.at\/wp-content\/uploads\/2026\/03\/ekspo-alickaj-123x175.jpg 123w\" sizes=\"auto, (max-width: 564px) 100vw, 564px\" \/><\/a><\/p>\n<p data-start=\"2838\" data-end=\"3227\">Im Rahmen dieser Veranstaltung findet um 13.00 Uhr die offizielle Er\u00f6ffnung der Fotoausstellung statt. Die Ausstellung bringt durch Bilder die Erinnerung an Prekaz und das Opfer der Familie Jashari n\u00e4her und bietet einen Moment des Gedenkens und der W\u00fcrdigung der Geschichte und der Werte der Freiheit. &#8220;Prekaz, Liebe, Schmerz und nationaler Stolz&#8221; ist ein Werk des Autors Sefer Ali\u00e7kaj.<\/p>\n<p data-start=\"3229\" data-end=\"3510\">Ein feierlicher Teil von &#8221; Krone der Freiheit \u201c wird durch die Teilnahme von Akademikern, Vertretern der politischen Beh\u00f6rden der Republik Kosovo, der Schweiz sowie von Mitgliedern der Familie des emblematischen Kommandanten Adem Jashari geehrt, die eigens aus Prekaz anreisen werden.<\/p>\n<p data-start=\"3512\" data-end=\"3888\">Das k\u00fcnstlerische Programm dieser Veranstaltung ist sehr umfangreich und bringt Lieder, T\u00e4nze und instrumentale Darbietungen von zahlreichen albanischen K\u00fcnstlern und Ensembles aus der Schweiz auf die B\u00fchne. Im ersten Teil treten Lahutari, Albakult, Vatra, SHKA Dardania, SHKA Ilir\u00ebt, der Chor Lyra, SHKSH &#8220;Bashkimi&#8221; Bern, das Ensemble &#8220;Trojet&#8221; und der Chor &#8220;Lulekuqet&#8221; auf.<\/p>\n<p data-start=\"3890\" data-end=\"4201\">Ein besonderer Programmpunkt ist ein zeitgen\u00f6ssischer Tanz in Verbindung mit traditioneller albanischer Musik, aufgef\u00fchrt von Adora Hiler vom Verein &#8220;Dora d\u2019Istria&#8221; in Genf und Tara Avdullahu von SHKSH &#8220;Bashkimi&#8221; Bern, wodurch eine k\u00fcnstlerische Verbindung zwischen Tradition und moderner B\u00fchnenform entsteht.<\/p>\n<p data-start=\"4203\" data-end=\"4490\">Im Teil der traditionellen T\u00e4nze treten das Ensemble Vatra, das Ensemble Arb\u00ebresha, SHKA Teuta, Shoqata e M\u00ebrgimtar\u00ebve Shqiptar\u00eb Atdheu, SHKA Dardania, Ansambli Shqiponja, SHKA Ilir\u00ebt und SHKSH Atdheu Thun auf und bringen eine breite Vielfalt albanischer Tanztraditionen auf die B\u00fchne.<\/p>\n<p data-start=\"4492\" data-end=\"4695\">Der Auftritt der K\u00fcnstler aus der Diaspora endet mit einem Gedenkmoment und einer instrumentalen Darbietung der Gruppe ArtBand. Durch das Programm f\u00fchren Vjosa Beqiri RTK und Dan Morina Studio Aktrimi.<\/p>\n<p data-start=\"4697\" data-end=\"4923\">Der H\u00f6hepunkt von &#8221; Krone der Freiheit &#8221; wird die k\u00fcnstlerische Auff\u00fchrung der Stars des Nationalensembles f\u00fcr albanische Lieder und T\u00e4nze &#8220;Shota&#8221; aus dem Kosovo unter der Leitung des k\u00fcnstlerischen Direktors Ylber Asllanaj sein.<\/p>\n<p data-start=\"4925\" data-end=\"5294\">Die Organisatoren laden alle Landsleute und Freunde der albanischen Kultur ein, Teil dieser besonderen Veranstaltung zu sein. Durch Kunst, Musik und Tradition bringt &#8221; Krone der Freiheit &#8221; eine starke Botschaft der Erinnerung, der Dankbarkeit und der nationalen Einheit und wird damit zu einem wichtigen Moment der Zusammenkunft f\u00fcr die albanische Diaspora in der Schweiz.<\/p>\n<p data-start=\"5296\" data-end=\"5435\">Im Namen des Organisationsrates der albanischen Kulturvereine in der Schweiz<br data-start=\"5372\" data-end=\"5375\" \/>Mirishahe Limani Hiler, Koordinatorin und Verantwortliche.<\/p>\n<p data-start=\"5437\" data-end=\"5593\">&#8221; Krone der Freiheit &#8221; ist eure Veranstaltung, die mit tiefer Ehrfurcht die 64 M\u00e4rtyrer des historischen Prekaz ehrt, ein Wallfahrtsort des albanischen Volkes.<\/p>\n<p data-start=\"5595\" data-end=\"5606\" data-is-last-node=\"\" data-is-only-node=\"\">Willkommen!<\/p>\n","protected":false},"excerpt":{"rendered":"<p>Die Veranstaltung wird vom Rat der albanischen Kulturvereine in der Schweiz zu Ehren des heiligen Opfers der Familie Jashari organisiert<\/p>\n","protected":false},"author":6,"featured_media":907819,"comment_status":"closed","ping_status":"closed","sticky":false,"template":"","format":"standard","meta":{"footnotes":""},"categories":[34918,24636,24659,1141,1144,24667,24006,24631,1133,1138,1140],"tags":[],"vendi":[31855],"content_country":[29888,31836,31837],"class_list":["post-907959","post","type-post","status-publish","format-standard","has-post-thumbnail","hentry","category-andere-de-5","category-nachrichten-de-4","category-musik","category-themen","category-veranstaltungen","category-ausstellung","category-lajme-jeta-ne-zvicer-de","category-nachrichten-de-2","category-e-diaspora-de","category-kultur","category-leben-in-der-schweiz","vendi-bern-de","content_country-zvicer","content_country-austria-de","content_country-germany-de"],"acf":[],"_links":{"self":[{"href":"https:\/\/www.albinfo.at\/de\/wp-json\/wp\/v2\/posts\/907959","targetHints":{"allow":["GET"]}}],"collection":[{"href":"https:\/\/www.albinfo.at\/de\/wp-json\/wp\/v2\/posts"}],"about":[{"href":"https:\/\/www.albinfo.at\/de\/wp-json\/wp\/v2\/types\/post"}],"author":[{"embeddable":true,"href":"https:\/\/www.albinfo.at\/de\/wp-json\/wp\/v2\/users\/6"}],"replies":[{"embeddable":true,"href":"https:\/\/www.albinfo.at\/de\/wp-json\/wp\/v2\/comments?post=907959"}],"version-history":[{"count":1,"href":"https:\/\/www.albinfo.at\/de\/wp-json\/wp\/v2\/posts\/907959\/revisions"}],"predecessor-version":[{"id":907960,"href":"https:\/\/www.albinfo.at\/de\/wp-json\/wp\/v2\/posts\/907959\/revisions\/907960"}],"wp:featuredmedia":[{"embeddable":true,"href":"https:\/\/www.albinfo.at\/de\/wp-json\/wp\/v2\/media\/907819"}],"wp:attachment":[{"href":"https:\/\/www.albinfo.at\/de\/wp-json\/wp\/v2\/media?parent=907959"}],"wp:term":[{"taxonomy":"category","embeddable":true,"href":"https:\/\/www.albinfo.at\/de\/wp-json\/wp\/v2\/categories?post=907959"},{"taxonomy":"post_tag","embeddable":true,"href":"https:\/\/www.albinfo.at\/de\/wp-json\/wp\/v2\/tags?post=907959"},{"taxonomy":"vendi","embeddable":true,"href":"https:\/\/www.albinfo.at\/de\/wp-json\/wp\/v2\/vendi?post=907959"},{"taxonomy":"content_country","embeddable":true,"href":"https:\/\/www.albinfo.at\/de\/wp-json\/wp\/v2\/content_country?post=907959"}],"curies":[{"name":"wp","href":"https:\/\/api.w.org\/{rel}","templated":true}]}}