{"id":907745,"date":"2026-03-12T16:41:21","date_gmt":"2026-03-12T15:41:21","guid":{"rendered":"https:\/\/www.albinfo.ch\/?p=907745"},"modified":"2026-03-13T00:35:09","modified_gmt":"2026-03-12T23:35:09","slug":"naim-dina-wird-zum-zweiten-mal-als-mitglied-der-gemeindeversammlung-in-renens-gewaehlt","status":"publish","type":"post","link":"https:\/\/www.albinfo.at\/de\/naim-dina-wird-zum-zweiten-mal-als-mitglied-der-gemeindeversammlung-in-renens-gewaehlt\/","title":{"rendered":"Naim Dina wird zum zweiten Mal als Mitglied der Gemeindeversammlung in Renens gew\u00e4hlt"},"content":{"rendered":"<p data-start=\"1460\" data-end=\"1697\">Ein weiterer Erfolg f\u00fcr die Vertretung der albanischen Gemeinschaft in der Schweiz kommt aus dem Kanton Waadt. Naim Dina, mit Herkunft aus Rahovec, wurde zum zweiten Mal als Mitglied der Gemeindeversammlung in der Stadt Renens gew\u00e4hlt.<\/p>\n<p data-start=\"1699\" data-end=\"1949\">Nach der Ver\u00f6ffentlichung der Wahlergebnisse bedankte sich Dina f\u00fcr das Vertrauen der B\u00fcrger und betonte, dass dieses zweite Mandat eine noch gr\u00f6\u00dfere Verantwortung darstellt, um sein Engagement im Dienst der Stadt und der Gemeinschaft fortzusetzen.<\/p>\n<p data-start=\"1951\" data-end=\"2156\">&#8220;Dieses zweite Mandat ist eine Ehre und eine gro\u00dfe Verantwortung. Ich danke allen B\u00fcrgern, die mir ihre Stimme gegeben haben und mir die M\u00f6glichkeit geben, weiter f\u00fcr unsere Stadt zu arbeiten&#8221;, sagte er.<\/p>\n<p data-start=\"2158\" data-end=\"2421\">Er dankte auch seinen Unterst\u00fctzern und den B\u00fcrgern, die f\u00fcr ihn gestimmt haben, und betonte, dass er weiterhin mit Einsatz, Ehrlichkeit und Transparenz arbeiten werde, um die Interessen der B\u00fcrger in der Gemeindeversammlung von Renens bestm\u00f6glich zu vertreten.<\/p>\n<p data-start=\"2423\" data-end=\"2617\">Seine Wiederwahl f\u00fcr eine zweite Amtszeit gilt als Beweis f\u00fcr das Vertrauen, das die B\u00fcrger in seine Arbeit und sein Engagement im \u00f6ffentlichen und institutionellen Leben in der Schweiz haben.<\/p>\n<p data-start=\"2619\" data-end=\"2880\" data-is-last-node=\"\" data-is-only-node=\"\">F\u00fcr die albanische Gemeinschaft in der Schweiz ist die Pr\u00e4senz und das Engagement von Vertretern mit albanischer Herkunft in lokalen Institutionen ein wichtiger Hinweis auf Integration und aktiven Beitrag zum politischen und gesellschaftlichen Leben des Landes.<\/p>\n","protected":false},"excerpt":{"rendered":"<p>Er betont, dass dieses zweite Mandat eine noch gr\u00f6\u00dfere Verantwortung darstellt, um die Arbeit im Dienst der Stadt und der Gemeinschaft fortzusetzen.<\/p>\n","protected":false},"author":6,"featured_media":907590,"comment_status":"closed","ping_status":"closed","sticky":false,"template":"","format":"standard","meta":{"footnotes":""},"categories":[24636,1134,24006,1133,1140],"tags":[],"vendi":[],"content_country":[],"class_list":["post-907745","post","type-post","status-publish","format-standard","has-post-thumbnail","hentry","category-nachrichten-de-4","category-integration","category-lajme-jeta-ne-zvicer-de","category-e-diaspora-de","category-leben-in-der-schweiz"],"acf":[],"_links":{"self":[{"href":"https:\/\/www.albinfo.at\/de\/wp-json\/wp\/v2\/posts\/907745","targetHints":{"allow":["GET"]}}],"collection":[{"href":"https:\/\/www.albinfo.at\/de\/wp-json\/wp\/v2\/posts"}],"about":[{"href":"https:\/\/www.albinfo.at\/de\/wp-json\/wp\/v2\/types\/post"}],"author":[{"embeddable":true,"href":"https:\/\/www.albinfo.at\/de\/wp-json\/wp\/v2\/users\/6"}],"replies":[{"embeddable":true,"href":"https:\/\/www.albinfo.at\/de\/wp-json\/wp\/v2\/comments?post=907745"}],"version-history":[{"count":1,"href":"https:\/\/www.albinfo.at\/de\/wp-json\/wp\/v2\/posts\/907745\/revisions"}],"predecessor-version":[{"id":907746,"href":"https:\/\/www.albinfo.at\/de\/wp-json\/wp\/v2\/posts\/907745\/revisions\/907746"}],"wp:featuredmedia":[{"embeddable":true,"href":"https:\/\/www.albinfo.at\/de\/wp-json\/wp\/v2\/media\/907590"}],"wp:attachment":[{"href":"https:\/\/www.albinfo.at\/de\/wp-json\/wp\/v2\/media?parent=907745"}],"wp:term":[{"taxonomy":"category","embeddable":true,"href":"https:\/\/www.albinfo.at\/de\/wp-json\/wp\/v2\/categories?post=907745"},{"taxonomy":"post_tag","embeddable":true,"href":"https:\/\/www.albinfo.at\/de\/wp-json\/wp\/v2\/tags?post=907745"},{"taxonomy":"vendi","embeddable":true,"href":"https:\/\/www.albinfo.at\/de\/wp-json\/wp\/v2\/vendi?post=907745"},{"taxonomy":"content_country","embeddable":true,"href":"https:\/\/www.albinfo.at\/de\/wp-json\/wp\/v2\/content_country?post=907745"}],"curies":[{"name":"wp","href":"https:\/\/api.w.org\/{rel}","templated":true}]}}