{"id":907729,"date":"2026-03-12T14:46:35","date_gmt":"2026-03-12T13:46:35","guid":{"rendered":"https:\/\/www.albinfo.ch\/?p=907729"},"modified":"2026-03-12T23:00:56","modified_gmt":"2026-03-12T22:00:56","slug":"wien-anmeldung-der-schueler-fuer-den-ergaenzenden-unterricht-in-albanischer-sprache-fuer-das-schuljahr-2026-2027-beginnt","status":"publish","type":"post","link":"https:\/\/www.albinfo.at\/de\/wien-anmeldung-der-schueler-fuer-den-ergaenzenden-unterricht-in-albanischer-sprache-fuer-das-schuljahr-2026-2027-beginnt\/","title":{"rendered":"Wien: Anmeldung der Sch\u00fcler f\u00fcr den erg\u00e4nzenden Unterricht in albanischer Sprache f\u00fcr das Schuljahr 2026\/2027 beginnt"},"content":{"rendered":"<p data-start=\"2113\" data-end=\"2322\">Albanische Eltern, die in Wien leben, k\u00f6nnen ihre Kinder f\u00fcr den erg\u00e4nzenden Unterricht in albanischer Sprache an \u00f6ffentlichen Schulen in \u00d6sterreich f\u00fcr das Schuljahr 2026\/2027 anmelden, schreibt albinfo.at.<\/p>\n<p data-start=\"2324\" data-end=\"2603\">Dieses Programm findet im Rahmen des Muttersprachenunterrichts (Erstsprachenunterricht) im \u00f6sterreichischen Bildungssystem statt und soll es albanischen Kindern erm\u00f6glichen, die albanische Sprache parallel zum Unterricht in deutscher Sprache zu erhalten und weiterzuentwickeln.<\/p>\n<p data-start=\"2605\" data-end=\"2675\">Die Anmeldefrist f\u00fcr die Sch\u00fcler ist bis zum 31. M\u00e4rz 2026 ge\u00f6ffnet.<\/p>\n<p data-start=\"2677\" data-end=\"2718\">Was bringt dieses Programm den Kindern?<\/p>\n<p data-start=\"2720\" data-end=\"2785\">Durch dieses Bildungsprogramm haben die Kinder die M\u00f6glichkeit:<\/p>\n<p data-start=\"2787\" data-end=\"3018\">\u2022 die albanische Sprache m\u00fcndlich und schriftlich zu lernen und zu verbessern<br data-start=\"2864\" data-end=\"2867\" \/>\u2022 die albanische Kultur und Traditionen besser kennenzulernen<br data-start=\"2928\" data-end=\"2931\" \/>\u2022 sprachliche F\u00e4higkeiten zu entwickeln, die auch beim Lernen anderer Sprachen helfen<\/p>\n<p data-start=\"3020\" data-end=\"3048\">Wie erfolgt die Anmeldung?<\/p>\n<p data-start=\"3050\" data-end=\"3100\">Die Eltern m\u00fcssen folgende Schritte durchf\u00fchren:<\/p>\n<p data-start=\"3102\" data-end=\"3428\">\u2022 das Anmeldeformular herunterladen (auf Albanisch und Deutsch)<br data-start=\"3165\" data-end=\"3168\" \/>\u2022 die erforderlichen Daten ausf\u00fcllen<br data-start=\"3204\" data-end=\"3207\" \/>\u2022 das Formular in der Schule, die das Kind besucht, zur Unterschrift und Stempel abgeben<br data-start=\"3295\" data-end=\"3298\" \/>\u2022 den Lehrer f\u00fcr albanische Sprache kontaktieren, um zus\u00e4tzliche Informationen \u00fcber die Organisation des Unterrichts zu erhalten<\/p>\n<p data-start=\"3430\" data-end=\"3501\">Das Anmeldeformular kann unter folgendem Link heruntergeladen werden:<\/p>\n<p data-start=\"3503\" data-end=\"3627\"><a class=\"decorated-link\" href=\"https:\/\/www.sfz-wien.at\/images\/sfz_img\/download\/mu\/anmeldeformular-mu\/Albanisch_Anmeldeformular_Erstsprachenunterricht.pdf\" target=\"_new\" rel=\"noopener\" data-start=\"3503\" data-end=\"3625\">https:\/\/www.sfz-wien.at\/images\/sfz_img\/download\/mu\/anmeldeformular-mu\/Albanisch_Anmeldeformular_Erstsprachenunterricht.pdf<\/a><\/p>\n<p data-start=\"3629\" data-end=\"3652\">Weitere Informationen<\/p>\n<p data-start=\"3654\" data-end=\"3856\">F\u00fcr weitere Informationen \u00fcber die Organisation des Unterrichts und die Schulen, in denen der Unterricht in albanischer Sprache in Wien stattfindet, k\u00f6nnen sich die Eltern an folgende Kontakte wenden:<\/p>\n<p data-start=\"3858\" data-end=\"4027\">\u2022 Verein der albanischen Lehrer &#8220;Naim Frash\u00ebri&#8221; &#8211; <a class=\"decorated-link cursor-pointer\" rel=\"noopener\" data-start=\"3908\" data-end=\"3934\">shmsh-naim.frasheri@gmx.at<\/a><br data-start=\"3934\" data-end=\"3937\" \/>\u2022 Osman Ademi &#8211; <a class=\"decorated-link cursor-pointer\" rel=\"noopener\" data-start=\"3953\" data-end=\"3973\">osmani42@hotmail.com<\/a><br data-start=\"3973\" data-end=\"3976\" \/>\u2022 Miradije Berishaj &#8211; <a class=\"decorated-link cursor-pointer\" rel=\"noopener\" data-start=\"3998\" data-end=\"4025\">miradijeberisha@hotmail.com<\/a><\/p>\n<p data-start=\"4029\" data-end=\"4230\" data-is-last-node=\"\" data-is-only-node=\"\">Die Organisatoren danken den Eltern f\u00fcr die Zusammenarbeit und Unterst\u00fctzung bei der Erhaltung und Entwicklung der albanischen Sprache bei den jungen Generationen in der Diaspora, berichtet Albinfo.at.<\/p>\n","protected":false},"excerpt":{"rendered":"<p>Die Bewerbungsfrist f\u00fcr albanische Eltern an \u00f6ffentlichen Schulen in \u00d6sterreich ist bis zum 31. M\u00e4rz 2026 ge\u00f6ffnet<\/p>\n","protected":false},"author":6,"featured_media":907572,"comment_status":"closed","ping_status":"closed","sticky":false,"template":"","format":"standard","meta":{"footnotes":""},"categories":[24636,1136,22803,23120,1133],"tags":[],"vendi":[],"content_country":[],"class_list":["post-907729","post","type-post","status-publish","format-standard","has-post-thumbnail","hentry","category-nachrichten-de-4","category-sprachen","category-leben-in-osterreich-de","category-nachrichten","category-e-diaspora-de"],"acf":[],"_links":{"self":[{"href":"https:\/\/www.albinfo.at\/de\/wp-json\/wp\/v2\/posts\/907729","targetHints":{"allow":["GET"]}}],"collection":[{"href":"https:\/\/www.albinfo.at\/de\/wp-json\/wp\/v2\/posts"}],"about":[{"href":"https:\/\/www.albinfo.at\/de\/wp-json\/wp\/v2\/types\/post"}],"author":[{"embeddable":true,"href":"https:\/\/www.albinfo.at\/de\/wp-json\/wp\/v2\/users\/6"}],"replies":[{"embeddable":true,"href":"https:\/\/www.albinfo.at\/de\/wp-json\/wp\/v2\/comments?post=907729"}],"version-history":[{"count":1,"href":"https:\/\/www.albinfo.at\/de\/wp-json\/wp\/v2\/posts\/907729\/revisions"}],"predecessor-version":[{"id":907730,"href":"https:\/\/www.albinfo.at\/de\/wp-json\/wp\/v2\/posts\/907729\/revisions\/907730"}],"wp:featuredmedia":[{"embeddable":true,"href":"https:\/\/www.albinfo.at\/de\/wp-json\/wp\/v2\/media\/907572"}],"wp:attachment":[{"href":"https:\/\/www.albinfo.at\/de\/wp-json\/wp\/v2\/media?parent=907729"}],"wp:term":[{"taxonomy":"category","embeddable":true,"href":"https:\/\/www.albinfo.at\/de\/wp-json\/wp\/v2\/categories?post=907729"},{"taxonomy":"post_tag","embeddable":true,"href":"https:\/\/www.albinfo.at\/de\/wp-json\/wp\/v2\/tags?post=907729"},{"taxonomy":"vendi","embeddable":true,"href":"https:\/\/www.albinfo.at\/de\/wp-json\/wp\/v2\/vendi?post=907729"},{"taxonomy":"content_country","embeddable":true,"href":"https:\/\/www.albinfo.at\/de\/wp-json\/wp\/v2\/content_country?post=907729"}],"curies":[{"name":"wp","href":"https:\/\/api.w.org\/{rel}","templated":true}]}}