{"id":907670,"date":"2026-03-12T12:39:37","date_gmt":"2026-03-12T11:39:37","guid":{"rendered":"https:\/\/www.albinfo.ch\/?p=907670"},"modified":"2026-03-12T17:27:08","modified_gmt":"2026-03-12T16:27:08","slug":"sieben-unternehmen-aus-dem-kosovo-nehmen-an-der-internationalen-messe-prowein-in-deutschland-teil","status":"publish","type":"post","link":"https:\/\/www.albinfo.at\/de\/sieben-unternehmen-aus-dem-kosovo-nehmen-an-der-internationalen-messe-prowein-in-deutschland-teil\/","title":{"rendered":"Sieben Unternehmen aus dem Kosovo nehmen an der internationalen Messe &#8220;ProWein&#8221; in Deutschland teil"},"content":{"rendered":"<p data-start=\"1123\" data-end=\"1350\">Sieben Unternehmen aus dem Kosovo, die in der Produktion von alkoholischen Getr\u00e4nken t\u00e4tig sind, werden an der internationalen Messe ProWein teilnehmen, die vom 15. bis 17. M\u00e4rz in D\u00fcsseldorf stattfindet, schreibt albinfo.ch.<\/p>\n<p data-start=\"1352\" data-end=\"1600\">Die Teilnahme der kosovarischen Unternehmen wird vom Ministerium f\u00fcr Industrie, Unternehmertum, Handel und Innovation \u00fcber KIESA unterst\u00fctzt, das eine Ausstellungsfl\u00e4che von 70 Quadratmetern f\u00fcr die Pr\u00e4sentation ihrer Produkte bereitgestellt hat.<\/p>\n<p data-start=\"1602\" data-end=\"1853\">W\u00e4hrend dieser Messe werden die Unternehmen aus dem Kosovo ihre verschiedenen Rakia und Weinprodukte pr\u00e4sentieren und gleichzeitig die M\u00f6glichkeit haben, die neuesten Trends der Wein und Getr\u00e4nkeindustrie in Europa und dar\u00fcber hinaus kennenzulernen.<\/p>\n<p data-start=\"1855\" data-end=\"2214\" data-is-last-node=\"\" data-is-only-node=\"\">ProWein gilt als eine der gr\u00f6\u00dften und wichtigsten Messen der Welt in diesem Bereich und bringt jedes Jahr Hersteller, H\u00e4ndler und Fachleute der Branche aus vielen L\u00e4ndern zusammen. Die Teilnahme an dieser Veranstaltung wird voraussichtlich neue M\u00f6glichkeiten f\u00fcr Zusammenarbeit und Expansion der kosovarischen Unternehmen auf internationalen M\u00e4rkten schaffen.\/Albinfo.ch<\/p>\n","protected":false},"excerpt":{"rendered":"<p>Kosovarische Wein und Rakia Produzenten werden ihre Produkte auf einer der gr\u00f6\u00dften Messen der Getr\u00e4nkeindustrie weltweit pr\u00e4sentieren.<\/p>\n","protected":false},"author":6,"featured_media":907530,"comment_status":"closed","ping_status":"closed","sticky":false,"template":"","format":"standard","meta":{"footnotes":""},"categories":[24636,1130,3952,22804,23121,23125,23127,1129,1133],"tags":[],"vendi":[],"content_country":[],"class_list":["post-907670","post","type-post","status-publish","format-standard","has-post-thumbnail","hentry","category-nachrichten-de-4","category-aktuell","category-kosova-de","category-leben-in-deutschland","category-nachrichten-de","category-thematisch-de","category-anlasse-de","category-ch-balkan","category-e-diaspora-de"],"acf":[],"_links":{"self":[{"href":"https:\/\/www.albinfo.at\/de\/wp-json\/wp\/v2\/posts\/907670","targetHints":{"allow":["GET"]}}],"collection":[{"href":"https:\/\/www.albinfo.at\/de\/wp-json\/wp\/v2\/posts"}],"about":[{"href":"https:\/\/www.albinfo.at\/de\/wp-json\/wp\/v2\/types\/post"}],"author":[{"embeddable":true,"href":"https:\/\/www.albinfo.at\/de\/wp-json\/wp\/v2\/users\/6"}],"replies":[{"embeddable":true,"href":"https:\/\/www.albinfo.at\/de\/wp-json\/wp\/v2\/comments?post=907670"}],"version-history":[{"count":1,"href":"https:\/\/www.albinfo.at\/de\/wp-json\/wp\/v2\/posts\/907670\/revisions"}],"predecessor-version":[{"id":907671,"href":"https:\/\/www.albinfo.at\/de\/wp-json\/wp\/v2\/posts\/907670\/revisions\/907671"}],"wp:featuredmedia":[{"embeddable":true,"href":"https:\/\/www.albinfo.at\/de\/wp-json\/wp\/v2\/media\/907530"}],"wp:attachment":[{"href":"https:\/\/www.albinfo.at\/de\/wp-json\/wp\/v2\/media?parent=907670"}],"wp:term":[{"taxonomy":"category","embeddable":true,"href":"https:\/\/www.albinfo.at\/de\/wp-json\/wp\/v2\/categories?post=907670"},{"taxonomy":"post_tag","embeddable":true,"href":"https:\/\/www.albinfo.at\/de\/wp-json\/wp\/v2\/tags?post=907670"},{"taxonomy":"vendi","embeddable":true,"href":"https:\/\/www.albinfo.at\/de\/wp-json\/wp\/v2\/vendi?post=907670"},{"taxonomy":"content_country","embeddable":true,"href":"https:\/\/www.albinfo.at\/de\/wp-json\/wp\/v2\/content_country?post=907670"}],"curies":[{"name":"wp","href":"https:\/\/api.w.org\/{rel}","templated":true}]}}