{"id":907513,"date":"2026-03-11T11:51:21","date_gmt":"2026-03-11T10:51:21","guid":{"rendered":"https:\/\/www.albinfo.ch\/?p=907513"},"modified":"2026-03-12T00:44:47","modified_gmt":"2026-03-11T23:44:47","slug":"der-film-von-besim-ugzmajli-gewinnt-den-preis-bester-dokumentarfilm-in-norwegen","status":"publish","type":"post","link":"https:\/\/www.albinfo.at\/de\/der-film-von-besim-ugzmajli-gewinnt-den-preis-bester-dokumentarfilm-in-norwegen\/","title":{"rendered":"Der Film von Besim Ugzmajli gewinnt den Preis &#8220;Bester Dokumentarfilm&#8221; in Norwegen"},"content":{"rendered":"<p data-start=\"898\" data-end=\"1209\">Der Film <span class=\"hover:entity-accent entity-underline inline cursor-pointer align-baseline\"><span class=\"whitespace-normal\">Pes\u00eb stin\u00ebt e f\u00ebmij\u00ebris\u00eb sime<\/span><\/span> unter der Regie von <span class=\"hover:entity-accent entity-underline inline cursor-pointer align-baseline\"><span class=\"whitespace-normal\">Besim Ugzmajli<\/span><\/span> wurde bei der XIII. Ausgabe des <span class=\"hover:entity-accent entity-underline inline cursor-pointer align-baseline\"><span class=\"whitespace-normal\">West Nordic International Film Festival<\/span><\/span>, das in <span class=\"hover:entity-accent entity-underline inline cursor-pointer align-baseline\"><span class=\"whitespace-normal\">\u00c5lesund<\/span><\/span> stattfand, mit dem Preis f\u00fcr den Besten Dokumentarfilm ausgezeichnet, schreibt albinfo.ch.<\/p>\n<p data-start=\"1211\" data-end=\"1537\">Nach Ansicht der Jury erinnert der Film an die Bedeutung der Erinnerung in einer Welt, die sich st\u00e4ndig ver\u00e4ndert und von Konflikten gepr\u00e4gt ist. Besonders gew\u00fcrdigt wurde die kreative Sprache des Werkes, in der Animation und Dokumentarfilm miteinander verbunden werden und ein einzigartiges k\u00fcnstlerisches Universum schaffen.<\/p>\n<p data-start=\"1539\" data-end=\"1855\" data-is-last-node=\"\" data-is-only-node=\"\">Dieser internationale Erfolg stellt eine weitere wichtige Anerkennung f\u00fcr die Kinematografie des <span class=\"hover:entity-accent entity-underline inline cursor-pointer align-baseline\"><span class=\"whitespace-normal\">Kosovo<\/span><\/span> dar und best\u00e4tigt die kreative Arbeit des Regisseurs Besim Ugzmajli, dessen Werke zunehmend auf der Landkarte renommierter europ\u00e4ischer und internationaler Filmfestivals erscheinen.\/Albinfo.ch<\/p>\n","protected":false},"excerpt":{"rendered":"<p>&#8220;Die f\u00fcnf Jahreszeiten meiner Kindheit&#8221; wird beim West Nordic International Film Festival f\u00fcr seine k\u00fcnstlerische Innovation und seine starke Botschaft ausgezeichnet.<\/p>\n","protected":false},"author":6,"featured_media":907261,"comment_status":"closed","ping_status":"closed","sticky":false,"template":"","format":"standard","meta":{"footnotes":""},"categories":[24636,1130,24665,3952,1129,1133,1138],"tags":[],"vendi":[],"content_country":[],"class_list":["post-907513","post","type-post","status-publish","format-standard","has-post-thumbnail","hentry","category-nachrichten-de-4","category-aktuell","category-kino","category-kosova-de","category-ch-balkan","category-e-diaspora-de","category-kultur"],"acf":[],"_links":{"self":[{"href":"https:\/\/www.albinfo.at\/de\/wp-json\/wp\/v2\/posts\/907513","targetHints":{"allow":["GET"]}}],"collection":[{"href":"https:\/\/www.albinfo.at\/de\/wp-json\/wp\/v2\/posts"}],"about":[{"href":"https:\/\/www.albinfo.at\/de\/wp-json\/wp\/v2\/types\/post"}],"author":[{"embeddable":true,"href":"https:\/\/www.albinfo.at\/de\/wp-json\/wp\/v2\/users\/6"}],"replies":[{"embeddable":true,"href":"https:\/\/www.albinfo.at\/de\/wp-json\/wp\/v2\/comments?post=907513"}],"version-history":[{"count":1,"href":"https:\/\/www.albinfo.at\/de\/wp-json\/wp\/v2\/posts\/907513\/revisions"}],"predecessor-version":[{"id":907524,"href":"https:\/\/www.albinfo.at\/de\/wp-json\/wp\/v2\/posts\/907513\/revisions\/907524"}],"wp:featuredmedia":[{"embeddable":true,"href":"https:\/\/www.albinfo.at\/de\/wp-json\/wp\/v2\/media\/907261"}],"wp:attachment":[{"href":"https:\/\/www.albinfo.at\/de\/wp-json\/wp\/v2\/media?parent=907513"}],"wp:term":[{"taxonomy":"category","embeddable":true,"href":"https:\/\/www.albinfo.at\/de\/wp-json\/wp\/v2\/categories?post=907513"},{"taxonomy":"post_tag","embeddable":true,"href":"https:\/\/www.albinfo.at\/de\/wp-json\/wp\/v2\/tags?post=907513"},{"taxonomy":"vendi","embeddable":true,"href":"https:\/\/www.albinfo.at\/de\/wp-json\/wp\/v2\/vendi?post=907513"},{"taxonomy":"content_country","embeddable":true,"href":"https:\/\/www.albinfo.at\/de\/wp-json\/wp\/v2\/content_country?post=907513"}],"curies":[{"name":"wp","href":"https:\/\/api.w.org\/{rel}","templated":true}]}}