{"id":907183,"date":"2026-03-10T13:40:16","date_gmt":"2026-03-10T12:40:16","guid":{"rendered":"https:\/\/www.albinfo.ch\/?p=907183"},"modified":"2026-03-10T23:05:17","modified_gmt":"2026-03-10T22:05:17","slug":"die-schweiz-auf-dem-weg-zur-verlaengerung-ihres-militaereinsatzes-im-kosovo-bis-2029","status":"publish","type":"post","link":"https:\/\/www.albinfo.at\/de\/die-schweiz-auf-dem-weg-zur-verlaengerung-ihres-militaereinsatzes-im-kosovo-bis-2029\/","title":{"rendered":"Die Schweiz auf dem Weg zur Verl\u00e4ngerung ihres Milit\u00e4reinsatzes im Kosovo bis 2029"},"content":{"rendered":"<p data-start=\"2222\" data-end=\"2812\">Der <span class=\"hover:entity-accent entity-underline inline cursor-pointer align-baseline\"><span class=\"whitespace-normal\">St\u00e4nderat<\/span><\/span> in der <span class=\"hover:entity-accent entity-underline inline cursor-pointer align-baseline\"><span class=\"whitespace-normal\">Schweiz<\/span><\/span> hat am Dienstag beschlossen, den Einsatz der <span class=\"hover:entity-accent entity-underline inline cursor-pointer align-baseline\"><span class=\"whitespace-normal\">Swisscoy<\/span><\/span> im <span class=\"hover:entity-accent entity-underline inline cursor-pointer align-baseline\"><span class=\"whitespace-normal\">Kosovo<\/span><\/span> bis Ende 2029 zu verl\u00e4ngern. Die Entscheidung wurde mit 37 Stimmen daf\u00fcr, 2 dagegen und 4 Enthaltungen angenommen. Diese internationale Friedensmission findet im Rahmen der Operationen der <span class=\"hover:entity-accent entity-underline inline cursor-pointer align-baseline\"><span class=\"whitespace-normal\">NATO<\/span><\/span> innerhalb der <span class=\"hover:entity-accent entity-underline inline cursor-pointer align-baseline\"><span class=\"whitespace-normal\">Kosovo Force<\/span><\/span> (KFOR) statt und umfasst auch die Beteiligung der Schweizer Armee, berichtet albinfo.ch.<\/p>\n<p data-start=\"2814\" data-end=\"3104\">Seit Oktober 1999 entsendet die Schweiz ihr Kontingent Swisscoy in den Kosovo und tr\u00e4gt damit zur regionalen Stabilit\u00e4t und Sicherheit bei. Derzeit liegt die maximale Zahl der Schweizer Soldaten, die an dieser Mission teilnehmen k\u00f6nnen, bei 215, und das aktuelle Mandat l\u00e4uft Ende 2026 aus.<\/p>\n<p data-start=\"3106\" data-end=\"3394\">Der <span class=\"hover:entity-accent entity-underline inline cursor-pointer align-baseline\"><span class=\"whitespace-normal\">Schweizer Bundesrat<\/span><\/span> hat vorgeschlagen, das Mandat bis 2029 zu verl\u00e4ngern und die gleiche Truppenst\u00e4rke beizubehalten, mit der M\u00f6glichkeit, bis zu 30 zus\u00e4tzliche Personen einzusetzen, falls sich die Sicherheitslage verschlechtert und die KFOR Verst\u00e4rkung anfordert.<\/p>\n<p data-start=\"3396\" data-end=\"3904\">Der Verteidigungsminister <span class=\"hover:entity-accent entity-underline inline cursor-pointer align-baseline\"><span class=\"whitespace-normal\">Martin Pfister<\/span><\/span> betonte, dass die Lage derzeit ruhig sei, jedoch weiterhin instabil bleibe, insbesondere im Norden des Kosovo, wo Spannungen zwischen ethnischen Gemeinschaften weiterhin bestehen. Er f\u00fcgte hinzu, dass im Jahr 2023 schwere Sicherheitsvorf\u00e4lle die NATO zweimal dazu gezwungen h\u00e4tten, die KFOR zu verst\u00e4rken, und dass die Beteiligung von Swisscoy als notwendig angesehen werde, bis sich die Beziehungen zwischen Kosovo und Serbien normalisieren.<\/p>\n<p data-start=\"3906\" data-end=\"4163\">Gem\u00e4\u00df dem Gesetz muss die Beteiligung der Schweizer Truppen an internationalen Missionen vom Parlament genehmigt werden. Nach der Zustimmung des <span class=\"hover:entity-accent entity-underline inline cursor-pointer align-baseline\"><span class=\"whitespace-normal\">St\u00e4nderat<\/span><\/span> liegt die Entscheidung nun beim <span class=\"hover:entity-accent entity-underline inline cursor-pointer align-baseline\"><span class=\"whitespace-normal\">Nationalrat<\/span><\/span>.<\/p>\n<p data-start=\"4165\" data-end=\"4368\">Das vorgesehene Budget f\u00fcr die Mission mit 215 Angeh\u00f6rigen betr\u00e4gt 48,9 Millionen Schweizer Franken. Eine m\u00f6gliche Erh\u00f6hung der Truppenst\u00e4rke wird aus dem Budget des Verteidigungsdepartements finanziert.<\/p>\n<p data-start=\"4370\" data-end=\"4466\" data-is-last-node=\"\" data-is-only-node=\"\">Der St\u00e4nderat ist die obere Kammer des Schweizer Parlaments und vertritt die Kantone des Landes.<\/p>\n","protected":false},"excerpt":{"rendered":"<p>Mandati i trupave zvicerane n\u00eb kuad\u00ebr t\u00eb KFOR-it do t\u00eb vazhdoj\u00eb me maksimum 215 ushtar\u00eb, me mund\u00ebsi rritjeje t\u00eb p\u00ebrkohshme n\u00eb rast nevoje.<\/p>\n","protected":false},"author":6,"featured_media":619577,"comment_status":"closed","ping_status":"closed","sticky":false,"template":"","format":"standard","meta":{"footnotes":""},"categories":[23263,1130,3952,23269,23262,1129,1140],"tags":[],"vendi":[],"content_country":[],"class_list":["post-907183","post","type-post","status-publish","format-standard","has-post-thumbnail","hentry","category-kosova-de-2","category-aktuell","category-kosova-de","category-news","category-at-balkani-de","category-ch-balkan","category-leben-in-der-schweiz"],"acf":[],"_links":{"self":[{"href":"https:\/\/www.albinfo.at\/de\/wp-json\/wp\/v2\/posts\/907183","targetHints":{"allow":["GET"]}}],"collection":[{"href":"https:\/\/www.albinfo.at\/de\/wp-json\/wp\/v2\/posts"}],"about":[{"href":"https:\/\/www.albinfo.at\/de\/wp-json\/wp\/v2\/types\/post"}],"author":[{"embeddable":true,"href":"https:\/\/www.albinfo.at\/de\/wp-json\/wp\/v2\/users\/6"}],"replies":[{"embeddable":true,"href":"https:\/\/www.albinfo.at\/de\/wp-json\/wp\/v2\/comments?post=907183"}],"version-history":[{"count":1,"href":"https:\/\/www.albinfo.at\/de\/wp-json\/wp\/v2\/posts\/907183\/revisions"}],"predecessor-version":[{"id":907184,"href":"https:\/\/www.albinfo.at\/de\/wp-json\/wp\/v2\/posts\/907183\/revisions\/907184"}],"wp:featuredmedia":[{"embeddable":true,"href":"https:\/\/www.albinfo.at\/de\/wp-json\/wp\/v2\/media\/619577"}],"wp:attachment":[{"href":"https:\/\/www.albinfo.at\/de\/wp-json\/wp\/v2\/media?parent=907183"}],"wp:term":[{"taxonomy":"category","embeddable":true,"href":"https:\/\/www.albinfo.at\/de\/wp-json\/wp\/v2\/categories?post=907183"},{"taxonomy":"post_tag","embeddable":true,"href":"https:\/\/www.albinfo.at\/de\/wp-json\/wp\/v2\/tags?post=907183"},{"taxonomy":"vendi","embeddable":true,"href":"https:\/\/www.albinfo.at\/de\/wp-json\/wp\/v2\/vendi?post=907183"},{"taxonomy":"content_country","embeddable":true,"href":"https:\/\/www.albinfo.at\/de\/wp-json\/wp\/v2\/content_country?post=907183"}],"curies":[{"name":"wp","href":"https:\/\/api.w.org\/{rel}","templated":true}]}}