{"id":907175,"date":"2026-03-10T12:45:59","date_gmt":"2026-03-10T11:45:59","guid":{"rendered":"https:\/\/www.albinfo.ch\/?p=907175"},"modified":"2026-03-10T22:49:08","modified_gmt":"2026-03-10T21:49:08","slug":"alle-tickets-fuer-das-spiel-slowakei-kosovo-sind-ausverkauft","status":"publish","type":"post","link":"https:\/\/www.albinfo.at\/de\/alle-tickets-fuer-das-spiel-slowakei-kosovo-sind-ausverkauft\/","title":{"rendered":"Alle Tickets f\u00fcr das Spiel Slowakei &#8211; Kosovo sind ausverkauft"},"content":{"rendered":"<div class=\"flex flex-col text-sm pb-25\">\n<article class=\"text-token-text-primary w-full focus:outline-none [--shadow-height:45px] has-data-writing-block:pointer-events-none has-data-writing-block:-mt-(--shadow-height) has-data-writing-block:pt-(--shadow-height) [&amp;:has([data-writing-block])&gt;*]:pointer-events-auto scroll-mt-[calc(var(--header-height)+min(200px,max(70px,20svh)))]\" dir=\"auto\" tabindex=\"-1\" data-turn-id=\"request-69978cf9-751c-838b-9341-f3117ba36228-119\" data-testid=\"conversation-turn-740\" data-scroll-anchor=\"true\" data-turn=\"assistant\">\n<div class=\"text-base my-auto mx-auto pb-10 [--thread-content-margin:--spacing(4)] @w-sm\/main:[--thread-content-margin:--spacing(6)] @w-lg\/main:[--thread-content-margin:--spacing(16)] px-(--thread-content-margin)\">\n<div class=\"[--thread-content-max-width:40rem] @w-lg\/main:[--thread-content-max-width:48rem] mx-auto max-w-(--thread-content-max-width) flex-1 group\/turn-messages focus-visible:outline-hidden relative flex w-full min-w-0 flex-col agent-turn\" tabindex=\"-1\">\n<div class=\"flex max-w-full flex-col grow\">\n<div class=\"min-h-8 text-message relative flex w-full flex-col items-end gap-2 text-start break-words whitespace-normal [.text-message+&amp;]:mt-1\" dir=\"auto\" data-message-author-role=\"assistant\" data-message-id=\"7119cd19-20f0-4cbf-a198-bc60b2f460da\" data-message-model-slug=\"gpt-5-3\">\n<div class=\"flex w-full flex-col gap-1 empty:hidden first:pt-[1px]\">\n<div class=\"markdown prose dark:prose-invert w-full wrap-break-word light markdown-new-styling\">\n<p data-start=\"2409\" data-end=\"2803\">Die Fangruppe der kosovarischen Nationalmannschaft, die <span class=\"hover:entity-accent entity-underline inline cursor-pointer align-baseline\"><span class=\"whitespace-normal\">Dardan\u00ebt<\/span><\/span>, hat bekannt gegeben, dass keine Tickets mehr f\u00fcr das mit Spannung erwartete Spiel zwischen der <span class=\"hover:entity-accent entity-underline inline cursor-pointer align-baseline\"><span class=\"whitespace-normal\">Kosovo national football team<\/span><\/span> und der <span class=\"hover:entity-accent entity-underline inline cursor-pointer align-baseline\"><span class=\"whitespace-normal\">Slovakia national football team<\/span><\/span> im Playoff zur Qualifikation f\u00fcr die <span class=\"hover:entity-accent entity-underline inline cursor-pointer align-baseline\"><span class=\"whitespace-normal\">2026 FIFA World Cup<\/span><\/span> verf\u00fcgbar sind, berichtet albinfo.ch.<\/p>\n<p data-start=\"2805\" data-end=\"3014\">Das Spiel, das am 26. M\u00e4rz im <span class=\"hover:entity-accent entity-underline inline cursor-pointer align-baseline\"><span class=\"whitespace-normal\">Teheln\u00e9 pole Stadium<\/span><\/span> in <span class=\"hover:entity-accent entity-underline inline cursor-pointer align-baseline\"><span class=\"whitespace-normal\">Bratislava<\/span><\/span> stattfinden wird, hat bei den kosovarischen Fans ein au\u00dfergew\u00f6hnlich gro\u00dfes Interesse ausgel\u00f6st.<\/p>\n<p data-start=\"3016\" data-end=\"3252\">Nach Angaben der Dardan\u00ebt wurden rund 1\u2019100 Tickets der <span class=\"hover:entity-accent entity-underline inline cursor-pointer align-baseline\"><span class=\"whitespace-normal\">Fussballverband des Kosovo<\/span><\/span> f\u00fcr den G\u00e4stebereich zugeteilt, und diese sind inzwischen vollst\u00e4ndig reserviert, obwohl noch mehr als zwei Wochen bis zum Spiel verbleiben.<\/p>\n<p data-start=\"3254\" data-end=\"3617\">&#8220;Als Fangruppe haben wir bereits die Liste der Namen derjenigen erhalten, die Tickets f\u00fcr das historische Spiel am 26. M\u00e4rz reserviert haben, entsprechend der Anzahl, die uns gem\u00e4\u00df den Regeln f\u00fcr die G\u00e4stetrib\u00fcnen garantiert wurde. Deshalb bitten wir um Verst\u00e4ndnis, dass wir ab heute keine weiteren Ticketanfragen mehr pr\u00fcfen k\u00f6nnen&#8221;, hei\u00dft es in der Mitteilung.<\/p>\n<p data-start=\"3619\" data-end=\"3815\">Die Dardan\u00ebt teilten jedoch mit, dass die Jahresabonnements weiterhin verf\u00fcgbar sind und luden die Fans ein, sich zu registrieren, um von zuk\u00fcnftigen Spielen der Nationalmannschaft zu profitieren.<\/p>\n<p data-start=\"3817\" data-end=\"4121\">Das gro\u00dfe Interesse war auch aufgrund der positiven Ergebnisse des Kosovo in den letzten Spielen zu erwarten, w\u00e4hrend die Unterst\u00fctzung der Fans auch bei Spielen in <span class=\"hover:entity-accent entity-underline inline cursor-pointer align-baseline\"><span class=\"whitespace-normal\">Ljubljana<\/span><\/span>, <span class=\"hover:entity-accent entity-underline inline cursor-pointer align-baseline\"><span class=\"whitespace-normal\">G\u00f6teborg<\/span><\/span> und <span class=\"hover:entity-accent entity-underline inline cursor-pointer align-baseline\"><span class=\"whitespace-normal\">Basel<\/span><\/span> sehr gro\u00df war.<\/p>\n<p data-start=\"4123\" data-end=\"4296\">Inzwischen hat der <span class=\"hover:entity-accent entity-underline inline cursor-pointer align-baseline\"><span class=\"whitespace-normal\">Slowakischer Fussballverband<\/span><\/span> Ma\u00dfnahmen ergriffen, um zu verhindern, dass Tickets aus den Heimsektoren in die H\u00e4nde kosovarischer Fans gelangen.<\/p>\n<p data-start=\"4298\" data-end=\"4501\">Das <span class=\"hover:entity-accent entity-underline inline cursor-pointer align-baseline\"><span class=\"whitespace-normal\">Teheln\u00e9 pole Stadium<\/span><\/span> hat eine Kapazit\u00e4t von rund 22\u2019500 Sitzpl\u00e4tzen, und gem\u00e4\u00df den Regeln der <span class=\"hover:entity-accent entity-underline inline cursor-pointer align-baseline\"><span class=\"whitespace-normal\">UEFA<\/span><\/span> stehen 5 Prozent der Tickets den G\u00e4stefans zu.<\/p>\n<p data-start=\"4503\" data-end=\"4835\" data-is-last-node=\"\" data-is-only-node=\"\">Falls die <span class=\"hover:entity-accent entity-underline inline cursor-pointer align-baseline\"><span class=\"whitespace-normal\">Kosovo national football team<\/span><\/span> gegen die Slowakei gewinnt, trifft sie im Playoff Finale am 31. M\u00e4rz im <span class=\"hover:entity-accent entity-underline inline cursor-pointer align-baseline\"><span class=\"whitespace-normal\">Fadil Vokrri Stadium<\/span><\/span> in <span class=\"hover:entity-accent entity-underline inline cursor-pointer align-baseline\"><span class=\"whitespace-normal\">Pristina<\/span><\/span> auf den Sieger des Duells zwischen der <span class=\"hover:entity-accent entity-underline inline cursor-pointer align-baseline\"><span class=\"whitespace-normal\">Turkey national football team<\/span><\/span> und der <span class=\"hover:entity-accent entity-underline inline cursor-pointer align-baseline\"><span class=\"whitespace-normal\">Romania national football team<\/span><\/span>.<\/p>\n<\/div>\n<\/div>\n<\/div>\n<\/div>\n<div class=\"z-0 flex min-h-[46px] justify-start\"><\/div>\n<div class=\"mt-3 w-full empty:hidden\">\n<div class=\"text-center\"><\/div>\n<\/div>\n<\/div>\n<\/div>\n<\/article>\n<\/div>\n","protected":false},"excerpt":{"rendered":"<p>Interesim i madh p\u00ebr duelin e plejofit p\u00ebr Bot\u00ebrorin 2026, rreth 1,100 bileta p\u00ebr tifoz\u00ebt e Kosov\u00ebs tashm\u00eb jan\u00eb rezervuar.<\/p>\n","protected":false},"author":6,"featured_media":858849,"comment_status":"closed","ping_status":"closed","sticky":false,"template":"","format":"standard","meta":{"footnotes":""},"categories":[4023,24631,1139],"tags":[],"vendi":[],"content_country":[],"class_list":["post-907175","post","type-post","status-publish","format-standard","has-post-thumbnail","hentry","category-futboll-de","category-nachrichten-de-2","category-sport"],"acf":[],"_links":{"self":[{"href":"https:\/\/www.albinfo.at\/de\/wp-json\/wp\/v2\/posts\/907175","targetHints":{"allow":["GET"]}}],"collection":[{"href":"https:\/\/www.albinfo.at\/de\/wp-json\/wp\/v2\/posts"}],"about":[{"href":"https:\/\/www.albinfo.at\/de\/wp-json\/wp\/v2\/types\/post"}],"author":[{"embeddable":true,"href":"https:\/\/www.albinfo.at\/de\/wp-json\/wp\/v2\/users\/6"}],"replies":[{"embeddable":true,"href":"https:\/\/www.albinfo.at\/de\/wp-json\/wp\/v2\/comments?post=907175"}],"version-history":[{"count":1,"href":"https:\/\/www.albinfo.at\/de\/wp-json\/wp\/v2\/posts\/907175\/revisions"}],"predecessor-version":[{"id":907176,"href":"https:\/\/www.albinfo.at\/de\/wp-json\/wp\/v2\/posts\/907175\/revisions\/907176"}],"wp:featuredmedia":[{"embeddable":true,"href":"https:\/\/www.albinfo.at\/de\/wp-json\/wp\/v2\/media\/858849"}],"wp:attachment":[{"href":"https:\/\/www.albinfo.at\/de\/wp-json\/wp\/v2\/media?parent=907175"}],"wp:term":[{"taxonomy":"category","embeddable":true,"href":"https:\/\/www.albinfo.at\/de\/wp-json\/wp\/v2\/categories?post=907175"},{"taxonomy":"post_tag","embeddable":true,"href":"https:\/\/www.albinfo.at\/de\/wp-json\/wp\/v2\/tags?post=907175"},{"taxonomy":"vendi","embeddable":true,"href":"https:\/\/www.albinfo.at\/de\/wp-json\/wp\/v2\/vendi?post=907175"},{"taxonomy":"content_country","embeddable":true,"href":"https:\/\/www.albinfo.at\/de\/wp-json\/wp\/v2\/content_country?post=907175"}],"curies":[{"name":"wp","href":"https:\/\/api.w.org\/{rel}","templated":true}]}}