{"id":906733,"date":"2026-03-08T17:51:46","date_gmt":"2026-03-08T16:51:46","guid":{"rendered":"https:\/\/www.albinfo.ch\/?p=906733"},"modified":"2026-03-08T23:54:45","modified_gmt":"2026-03-08T22:54:45","slug":"muriqi-setzt-seine-rekordserie-fort","status":"publish","type":"post","link":"https:\/\/www.albinfo.at\/de\/muriqi-setzt-seine-rekordserie-fort\/","title":{"rendered":"Muriqi setzt seine Rekordserie fort"},"content":{"rendered":"<p data-start=\"676\" data-end=\"766\"><span class=\"hover:entity-accent entity-underline inline cursor-pointer align-baseline\"><span class=\"whitespace-normal\">Vedat Muriqi<\/span><\/span> hat die Marke von 18 Toren in einer Saison erreicht.<\/p>\n<p data-start=\"768\" data-end=\"920\">Diese Torzahl erzielte er mit <span class=\"hover:entity-accent entity-underline inline cursor-pointer align-baseline\"><span class=\"whitespace-normal\">RCD Mallorca<\/span><\/span> in der <span class=\"hover:entity-accent entity-underline inline cursor-pointer align-baseline\"><span class=\"whitespace-normal\">La Liga<\/span><\/span> in dieser Saison, berichtet albinfo.ch.<\/p>\n<p data-start=\"922\" data-end=\"1028\">Es ist die h\u00f6chste Anzahl an Toren, die Muriqi in einer Liga w\u00e4hrend seiner gesamten Karriere erzielt hat.<\/p>\n<p data-start=\"1030\" data-end=\"1169\">Zuvor hatte er 17 Tore f\u00fcr <span class=\"hover:entity-accent entity-underline inline cursor-pointer align-baseline\"><span class=\"whitespace-normal\">Giresunspor<\/span><\/span> in der Saison 2015\/16 in der zweiten Liga des t\u00fcrkischen Fu\u00dfballs erzielt.<\/p>\n<p data-start=\"1171\" data-end=\"1318\" data-is-last-node=\"\" data-is-only-node=\"\">Mit <span class=\"hover:entity-accent entity-underline inline cursor-pointer align-baseline\"><span class=\"whitespace-normal\">Fenerbah\u00e7e<\/span><\/span> hatte er au\u00dferdem 15 Tore in der Saison 2019\/20 in der <span class=\"hover:entity-accent entity-underline inline cursor-pointer align-baseline\"><span class=\"whitespace-normal\">S\u00fcper Lig<\/span><\/span> erzielt.<\/p>\n","protected":false},"excerpt":{"rendered":"<p>K\u00ebt\u00eb shif\u00ebr t\u00eb golave, Muriqi e ka arritur me Mallorcan n\u00eb La Liga n\u00eb k\u00ebt\u00eb sezon<\/p>\n","protected":false},"author":6,"featured_media":860628,"comment_status":"closed","ping_status":"closed","sticky":false,"template":"","format":"standard","meta":{"footnotes":""},"categories":[4023,1139],"tags":[],"vendi":[],"content_country":[],"class_list":["post-906733","post","type-post","status-publish","format-standard","has-post-thumbnail","hentry","category-futboll-de","category-sport"],"acf":[],"_links":{"self":[{"href":"https:\/\/www.albinfo.at\/de\/wp-json\/wp\/v2\/posts\/906733","targetHints":{"allow":["GET"]}}],"collection":[{"href":"https:\/\/www.albinfo.at\/de\/wp-json\/wp\/v2\/posts"}],"about":[{"href":"https:\/\/www.albinfo.at\/de\/wp-json\/wp\/v2\/types\/post"}],"author":[{"embeddable":true,"href":"https:\/\/www.albinfo.at\/de\/wp-json\/wp\/v2\/users\/6"}],"replies":[{"embeddable":true,"href":"https:\/\/www.albinfo.at\/de\/wp-json\/wp\/v2\/comments?post=906733"}],"version-history":[{"count":1,"href":"https:\/\/www.albinfo.at\/de\/wp-json\/wp\/v2\/posts\/906733\/revisions"}],"predecessor-version":[{"id":906734,"href":"https:\/\/www.albinfo.at\/de\/wp-json\/wp\/v2\/posts\/906733\/revisions\/906734"}],"wp:featuredmedia":[{"embeddable":true,"href":"https:\/\/www.albinfo.at\/de\/wp-json\/wp\/v2\/media\/860628"}],"wp:attachment":[{"href":"https:\/\/www.albinfo.at\/de\/wp-json\/wp\/v2\/media?parent=906733"}],"wp:term":[{"taxonomy":"category","embeddable":true,"href":"https:\/\/www.albinfo.at\/de\/wp-json\/wp\/v2\/categories?post=906733"},{"taxonomy":"post_tag","embeddable":true,"href":"https:\/\/www.albinfo.at\/de\/wp-json\/wp\/v2\/tags?post=906733"},{"taxonomy":"vendi","embeddable":true,"href":"https:\/\/www.albinfo.at\/de\/wp-json\/wp\/v2\/vendi?post=906733"},{"taxonomy":"content_country","embeddable":true,"href":"https:\/\/www.albinfo.at\/de\/wp-json\/wp\/v2\/content_country?post=906733"}],"curies":[{"name":"wp","href":"https:\/\/api.w.org\/{rel}","templated":true}]}}