{"id":906660,"date":"2026-03-08T13:32:28","date_gmt":"2026-03-08T12:32:28","guid":{"rendered":"https:\/\/www.albinfo.ch\/?p=906660"},"modified":"2026-03-08T21:07:33","modified_gmt":"2026-03-08T20:07:33","slug":"bern-eine-fotoausstellung-bringt-die-geschichte-und-erinnerung-von-prekaz-naeher","status":"publish","type":"post","link":"https:\/\/www.albinfo.at\/de\/bern-eine-fotoausstellung-bringt-die-geschichte-und-erinnerung-von-prekaz-naeher\/","title":{"rendered":"Bern: Eine Fotoausstellung bringt die Geschichte und Erinnerung von Prekaz n\u00e4her"},"content":{"rendered":"<p data-start=\"1111\" data-end=\"1452\">Im Rahmen der Gedenk und Kulturveranstaltung &#8220;Kurora e Liris\u00eb&#8221;, die in <span class=\"hover:entity-accent entity-underline inline cursor-pointer align-baseline\"><span class=\"whitespace-normal\">Bern<\/span><\/span> stattfinden wird, wird am 14. M\u00e4rz erstmals in der <span class=\"hover:entity-accent entity-underline inline cursor-pointer align-baseline\"><span class=\"whitespace-normal\">Schweiz<\/span><\/span> eine Fotoausstellung des Autors <span class=\"hover:entity-accent entity-underline inline cursor-pointer align-baseline\"><span class=\"whitespace-normal\">Sefer Ali\u00e7kaj<\/span><\/span> unter dem Titel &#8220;Prekazi \u2013 Liebe, Schmerz und nationaler Stolz&#8221; er\u00f6ffnet.<\/p>\n<p data-start=\"1454\" data-end=\"1917\">Die Ausstellung bringt durch Fotografien die Geschichte und Erinnerung von <span class=\"hover:entity-accent entity-underline inline cursor-pointer align-baseline\"><span class=\"whitespace-normal\">Prekaz<\/span><\/span> sowie das Opfer der <span class=\"hover:entity-accent entity-underline inline cursor-pointer align-baseline\"><span class=\"whitespace-normal\">Familie Jashari<\/span><\/span> n\u00e4her und zeigt unvergessliche Momente, Orte und Symbole, die Teil des historischen und emotionalen Bewusstseins des albanischen Volkes geworden sind. Durch diese Fotografien erh\u00e4lt das Publikum die M\u00f6glichkeit, sich einer der bedeutendsten Ereignisse unserer nationalen Geschichte zu n\u00e4hern.<\/p>\n<p data-start=\"1919\" data-end=\"2175\" data-is-last-node=\"\" data-is-only-node=\"\">Die Daten des 5., 6. und 7. M\u00e4rz bedeuten f\u00fcr unsere Nation weit mehr als nur die Erinnerung an das Opfer der 64 M\u00e4rtyrer, die 1998 in Prekaz gefallen sind. Sie sind ein Symbol f\u00fcr Widerstand, Einheit und Entschlossenheit und zeigen den Preis der Freiheit.<\/p>\n<p><a href=\"https:\/\/www.albinfo.ch\/wp-content\/uploads\/2026\/03\/alickaj-prekazi.jpg\"><img loading=\"lazy\" decoding=\"async\" class=\"alignnone wp-image-906324\" src=\"https:\/\/www.albinfo.ch\/wp-content\/uploads\/2026\/03\/alickaj-prekazi.jpg\" alt=\"\" width=\"450\" height=\"450\" srcset=\"https:\/\/www.albinfo.at\/wp-content\/uploads\/2026\/03\/alickaj-prekazi.jpg 960w, https:\/\/www.albinfo.at\/wp-content\/uploads\/2026\/03\/alickaj-prekazi-300x300.jpg 300w, https:\/\/www.albinfo.at\/wp-content\/uploads\/2026\/03\/alickaj-prekazi-150x150.jpg 150w, https:\/\/www.albinfo.at\/wp-content\/uploads\/2026\/03\/alickaj-prekazi-768x768.jpg 768w, https:\/\/www.albinfo.at\/wp-content\/uploads\/2026\/03\/alickaj-prekazi-396x396.jpg 396w, https:\/\/www.albinfo.at\/wp-content\/uploads\/2026\/03\/alickaj-prekazi-280x280.jpg 280w, https:\/\/www.albinfo.at\/wp-content\/uploads\/2026\/03\/alickaj-prekazi-100x100.jpg 100w, https:\/\/www.albinfo.at\/wp-content\/uploads\/2026\/03\/alickaj-prekazi-175x175.jpg 175w\" sizes=\"auto, (max-width: 450px) 100vw, 450px\" \/><\/a><\/p>\n<p data-start=\"1732\" data-end=\"2186\">Durch 36 Fotografien bringt uns der Autor <span class=\"hover:entity-accent entity-underline inline cursor-pointer align-baseline\"><span class=\"whitespace-normal\">Sefer Ali\u00e7kaj<\/span><\/span> der Heimat n\u00e4her und f\u00fchrt das symboltr\u00e4chtige <span class=\"hover:entity-accent entity-underline inline cursor-pointer align-baseline\"><span class=\"whitespace-normal\">Prekaz<\/span><\/span> in das Herz der albanischen Diaspora, in allen vier Jahreszeiten und zu jeder Zeit, als Symbol des Opfers der Generationen der <span class=\"hover:entity-accent entity-underline inline cursor-pointer align-baseline\"><span class=\"whitespace-normal\">Familie Jashari<\/span><\/span>, die der jahrhundertelang ertr\u00e4umten Freiheit der <span class=\"hover:entity-accent entity-underline inline cursor-pointer align-baseline\"><span class=\"whitespace-normal\">Republik Kosovo<\/span><\/span> ihren Stempel aufgedr\u00fcckt hat.<\/p>\n<p data-start=\"2188\" data-end=\"2338\">Die Er\u00f6ffnung der Ausstellung findet um 13:00 Uhr in Anwesenheit des Autors Sefer Ali\u00e7kaj statt, der eigens aus Prekaz zu diesem Anlass anreisen wird.<\/p>\n<p data-start=\"2340\" data-end=\"2758\">Diese Ausstellung ist Teil des Programms der Veranstaltung &#8220;Kurora e Liris\u00eb&#8221;, einer Gedenk und Kulturveranstaltung, die kulturelle Vereine, K\u00fcnstler und Vertreter der albanischen Diaspora in der <span class=\"hover:entity-accent entity-underline inline cursor-pointer align-baseline\"><span class=\"whitespace-normal\">Schweiz<\/span><\/span> und aus dem <span class=\"hover:entity-accent entity-underline inline cursor-pointer align-baseline\"><span class=\"whitespace-normal\">Kosovo<\/span><\/span> zusammenbringt, um das erhabene Opfer der Familie Jashari und der M\u00e4rtyrer zu ehren, die f\u00fcr die Freiheit des Kosovo gefallen sind.<\/p>\n<p data-start=\"2760\" data-end=\"3011\">Die Ausstellung wird au\u00dferdem morgen, am 8. M\u00e4rz, in <span class=\"hover:entity-accent entity-underline inline cursor-pointer align-baseline\"><span class=\"whitespace-normal\">Florenz<\/span><\/span> in <span class=\"hover:entity-accent entity-underline inline cursor-pointer align-baseline\"><span class=\"whitespace-normal\">Italien<\/span><\/span> im Rahmen der Veranstaltung &#8220;Kushtrimi i liris\u00eb&#8221; gezeigt, die ebenfalls dem Opfer der Familie Jashari gewidmet ist.<\/p>\n<p data-start=\"3013\" data-end=\"3138\">Das erhabene Opfer der Familie Jashari verpflichtet uns, gemeinsam als lebendige Erinnerung an die Freiheit zusammenzustehen.<\/p>\n<p data-start=\"3140\" data-end=\"3351\">Der Organisationsrat der albanischen Kulturvereine in der Schweiz sowie der Autor dieser Ausstellung, Sefer Ali\u00e7kaj, hei\u00dfen Sie herzlich willkommen am Samstag, dem 14. M\u00e4rz, ab 13:00 Uhr unter folgender Adresse:<\/p>\n<p data-start=\"3353\" data-end=\"3427\">Kursaal Arena<br data-start=\"3366\" data-end=\"3369\" \/>Kursaal Bern AG<br data-start=\"3384\" data-end=\"3387\" \/>Kornhausstrasse 3<br data-start=\"3404\" data-end=\"3407\" \/>3013 Bern, Schweiz<\/p>\n<p data-start=\"3429\" data-end=\"3449\" data-is-last-node=\"\" data-is-only-node=\"\">Herzlich willkommen!<\/p>\n","protected":false},"excerpt":{"rendered":"<p>Ekspozita e Sefer Ali\u00e7kajt \u201cPrekazi dashuri, dhimbje dhe krenari komb\u00ebtare\u201d hapet p\u00ebr her\u00eb t\u00eb par\u00eb n\u00eb Zvic\u00ebr n\u00eb kuad\u00ebr t\u00eb manifestimit \u201cKurora e Liris\u00eb\u201d<\/p>\n","protected":false},"author":6,"featured_media":906323,"comment_status":"closed","ping_status":"closed","sticky":false,"template":"","format":"standard","meta":{"footnotes":""},"categories":[34918,24667,24631,1138],"tags":[],"vendi":[],"content_country":[],"class_list":["post-906660","post","type-post","status-publish","format-standard","has-post-thumbnail","hentry","category-andere-de-5","category-ausstellung","category-nachrichten-de-2","category-kultur"],"acf":[],"_links":{"self":[{"href":"https:\/\/www.albinfo.at\/de\/wp-json\/wp\/v2\/posts\/906660","targetHints":{"allow":["GET"]}}],"collection":[{"href":"https:\/\/www.albinfo.at\/de\/wp-json\/wp\/v2\/posts"}],"about":[{"href":"https:\/\/www.albinfo.at\/de\/wp-json\/wp\/v2\/types\/post"}],"author":[{"embeddable":true,"href":"https:\/\/www.albinfo.at\/de\/wp-json\/wp\/v2\/users\/6"}],"replies":[{"embeddable":true,"href":"https:\/\/www.albinfo.at\/de\/wp-json\/wp\/v2\/comments?post=906660"}],"version-history":[{"count":1,"href":"https:\/\/www.albinfo.at\/de\/wp-json\/wp\/v2\/posts\/906660\/revisions"}],"predecessor-version":[{"id":906661,"href":"https:\/\/www.albinfo.at\/de\/wp-json\/wp\/v2\/posts\/906660\/revisions\/906661"}],"wp:featuredmedia":[{"embeddable":true,"href":"https:\/\/www.albinfo.at\/de\/wp-json\/wp\/v2\/media\/906323"}],"wp:attachment":[{"href":"https:\/\/www.albinfo.at\/de\/wp-json\/wp\/v2\/media?parent=906660"}],"wp:term":[{"taxonomy":"category","embeddable":true,"href":"https:\/\/www.albinfo.at\/de\/wp-json\/wp\/v2\/categories?post=906660"},{"taxonomy":"post_tag","embeddable":true,"href":"https:\/\/www.albinfo.at\/de\/wp-json\/wp\/v2\/tags?post=906660"},{"taxonomy":"vendi","embeddable":true,"href":"https:\/\/www.albinfo.at\/de\/wp-json\/wp\/v2\/vendi?post=906660"},{"taxonomy":"content_country","embeddable":true,"href":"https:\/\/www.albinfo.at\/de\/wp-json\/wp\/v2\/content_country?post=906660"}],"curies":[{"name":"wp","href":"https:\/\/api.w.org\/{rel}","templated":true}]}}