{"id":906470,"date":"2026-03-07T17:49:57","date_gmt":"2026-03-07T16:49:57","guid":{"rendered":"https:\/\/www.albinfo.ch\/?p=906470"},"modified":"2026-03-07T23:23:11","modified_gmt":"2026-03-07T22:23:11","slug":"7-maerz-tag-des-lehrers","status":"publish","type":"post","link":"https:\/\/www.albinfo.at\/de\/7-maerz-tag-des-lehrers\/","title":{"rendered":"7. M\u00e4rz, Tag des Lehrers"},"content":{"rendered":"<p data-start=\"1559\" data-end=\"2180\">Jedes Jahr wird am 7. M\u00e4rz der Tag des Lehrers gefeiert. Dieser erinnert an den 7. M\u00e4rz 1887, als in <span class=\"hover:entity-accent entity-underline inline cursor-pointer align-baseline\"><span class=\"whitespace-normal\">Kor\u00e7\u00eb<\/span><\/span> unter der Leitung von <span class=\"hover:entity-accent entity-underline inline cursor-pointer align-baseline\"><span class=\"whitespace-normal\">Pandeli Sotiri<\/span><\/span> die erste nationale albanische Schule er\u00f6ffnet wurde. Es handelte sich um eine Schule mit nationalem und s\u00e4kularem Charakter, in der der gesamte Unterricht in albanischer Sprache stattfand. Zu ihren Leitern geh\u00f6rten bekannte Pers\u00f6nlichkeiten der albanischen Nationalbewegung, darunter Pandeli Sotiri, <span class=\"hover:entity-accent entity-underline inline cursor-pointer align-baseline\"><span class=\"whitespace-normal\">Petro Nini Luarasi<\/span><\/span>, <span class=\"hover:entity-accent entity-underline inline cursor-pointer align-baseline\"><span class=\"whitespace-normal\">Nu\u00e7i Na\u00e7i<\/span><\/span> und <span class=\"hover:entity-accent entity-underline inline cursor-pointer align-baseline\"><span class=\"whitespace-normal\">Thoma Avrami<\/span><\/span>.<\/p>\n<p data-start=\"2182\" data-end=\"2747\">Der Tag des Lehrers ist ein nationaler Feiertag. Er ist nicht nur den Besch\u00e4ftigten im albanischen Bildungswesen gewidmet, sondern auch den Sch\u00fclerinnen und Sch\u00fclern sowie den Studierenden. Es ist ein Fest, das in jeder albanischen Familie gefeiert wird und eine sch\u00f6ne Tradition unseres Volkes darstellt. An diesem wichtigen Tag f\u00fcr die albanische Bildung erinnern wir uns mit gro\u00dfem Respekt an das bedeutende Werk der Lehrer und herausragenden Patrioten, die mit gro\u00dfem Einsatz gearbeitet und gro\u00dfe Opfer f\u00fcr die Entwicklung der nationalen Bildung gebracht haben.<\/p>\n<p data-start=\"2749\" data-end=\"3073\" data-is-last-node=\"\" data-is-only-node=\"\">Wenn wir an den 7. M\u00e4rz, den Tag des Lehrers, erinnern, d\u00fcrfen wir auch die Rolle und den Beitrag der unerm\u00fcdlichen Lehrer und engagierten albanischen Eltern nicht unerw\u00e4hnt lassen, die durch ihren eigenen Einsatz die albanischen Erg\u00e4nzungsschulen in vielen Kantonen der <span class=\"hover:entity-accent entity-underline inline cursor-pointer align-baseline\"><span class=\"whitespace-normal\">Schweiz<\/span><\/span> offen halten.<\/p>\n","protected":false},"excerpt":{"rendered":"<p>Jedes Jahr wird am 7. M\u00e4rz der Tag des Lehrers gefeiert. Dieser erinnert an den 7. M\u00e4rz 1887, als in Kor\u00e7\u00eb unter der Leitung von Pandeli Sotiri die erste nationale albanische Schule er\u00f6ffnet wurde. Es handelte sich um eine Schule mit nationalem und s\u00e4kularem Charakter, in der der gesamte Unterricht in albanischer Sprache stattfand. Zu [&hellip;]<\/p>\n","protected":false},"author":6,"featured_media":906233,"comment_status":"closed","ping_status":"closed","sticky":false,"template":"","format":"standard","meta":{"footnotes":""},"categories":[10649,23263,23264,1130,3952,23269,23262,1129],"tags":[],"vendi":[],"content_country":[],"class_list":["post-906470","post","type-post","status-publish","format-standard","has-post-thumbnail","hentry","category-albanien","category-kosova-de-2","category-albania","category-aktuell","category-kosova-de","category-news","category-at-balkani-de","category-ch-balkan"],"acf":[],"_links":{"self":[{"href":"https:\/\/www.albinfo.at\/de\/wp-json\/wp\/v2\/posts\/906470","targetHints":{"allow":["GET"]}}],"collection":[{"href":"https:\/\/www.albinfo.at\/de\/wp-json\/wp\/v2\/posts"}],"about":[{"href":"https:\/\/www.albinfo.at\/de\/wp-json\/wp\/v2\/types\/post"}],"author":[{"embeddable":true,"href":"https:\/\/www.albinfo.at\/de\/wp-json\/wp\/v2\/users\/6"}],"replies":[{"embeddable":true,"href":"https:\/\/www.albinfo.at\/de\/wp-json\/wp\/v2\/comments?post=906470"}],"version-history":[{"count":1,"href":"https:\/\/www.albinfo.at\/de\/wp-json\/wp\/v2\/posts\/906470\/revisions"}],"predecessor-version":[{"id":906471,"href":"https:\/\/www.albinfo.at\/de\/wp-json\/wp\/v2\/posts\/906470\/revisions\/906471"}],"wp:featuredmedia":[{"embeddable":true,"href":"https:\/\/www.albinfo.at\/de\/wp-json\/wp\/v2\/media\/906233"}],"wp:attachment":[{"href":"https:\/\/www.albinfo.at\/de\/wp-json\/wp\/v2\/media?parent=906470"}],"wp:term":[{"taxonomy":"category","embeddable":true,"href":"https:\/\/www.albinfo.at\/de\/wp-json\/wp\/v2\/categories?post=906470"},{"taxonomy":"post_tag","embeddable":true,"href":"https:\/\/www.albinfo.at\/de\/wp-json\/wp\/v2\/tags?post=906470"},{"taxonomy":"vendi","embeddable":true,"href":"https:\/\/www.albinfo.at\/de\/wp-json\/wp\/v2\/vendi?post=906470"},{"taxonomy":"content_country","embeddable":true,"href":"https:\/\/www.albinfo.at\/de\/wp-json\/wp\/v2\/content_country?post=906470"}],"curies":[{"name":"wp","href":"https:\/\/api.w.org\/{rel}","templated":true}]}}