{"id":906042,"date":"2026-03-06T11:16:45","date_gmt":"2026-03-06T10:16:45","guid":{"rendered":"https:\/\/www.albinfo.ch\/?p=906042"},"modified":"2026-03-06T16:00:10","modified_gmt":"2026-03-06T15:00:10","slug":"in-berlin-wird-die-epopoee-der-ushtria-clirimtare-e-kosoves-mit-einem-festlichen-konzert-fuer-die-diaspora-gewuerdigt","status":"publish","type":"post","link":"https:\/\/www.albinfo.at\/de\/in-berlin-wird-die-epopoee-der-ushtria-clirimtare-e-kosoves-mit-einem-festlichen-konzert-fuer-die-diaspora-gewuerdigt\/","title":{"rendered":"In Berlin wird die Epop\u00f6e der Ushtria \u00c7lirimtare e Kosov\u00ebs mit einem festlichen Konzert f\u00fcr die Diaspora gew\u00fcrdigt"},"content":{"rendered":"<p data-start=\"1063\" data-end=\"1299\">Die Botschaft der Republik Kosovo in Berlin organisierte ein festliches Konzert f\u00fcr die albanische Diaspora in Deutschland, bei dem das Gedenken an die Epop\u00f6e der Ushtria \u00c7lirimtare e Kosov\u00ebs im Mittelpunkt stand, schreibt albinfo.ch.<\/p>\n<p data-start=\"1301\" data-end=\"1581\">Der Abend wurde im Rahmen des 18. Jahrestages der Unabh\u00e4ngigkeit des Kosovo und des 28. Jahrestages der Epop\u00f6e der Ushtria \u00c7lirimtare e Kosov\u00ebs veranstaltet und brachte Landsleute, Freunde des Kosovo sowie Liebhaber der albanischen Musik in einer festlichen Atmosph\u00e4re zusammen.<\/p>\n<p data-start=\"1583\" data-end=\"1882\">Durch Musik und die Interpretation patriotischer Lieder wurden die Opfer und der Weg des albanischen Volkes zur Freiheit und zur Staatsbildung in Erinnerung gerufen. An diesem Abend trat auch die Musikgruppe NRG Band auf und trug dazu bei, f\u00fcr die Anwesenden eine besondere Atmosph\u00e4re zu schaffen.<\/p>\n<p data-start=\"1884\" data-end=\"2081\" data-is-last-node=\"\" data-is-only-node=\"\">Die Botschaft des Kosovo in Berlin dankte allen Teilnehmern und K\u00fcnstlern f\u00fcr ihren Beitrag zu dieser Gedenkveranstaltung, die der Geschichte und dem Opfer f\u00fcr die Freiheit des Landes gewidmet war.<\/p>\n","protected":false},"excerpt":{"rendered":"<p>N\u00eb Berlin sh\u00ebnohet Epopeja e U\u00c7K-s\u00eb me nj\u00eb mbr\u00ebmje festive p\u00ebr diaspor\u00ebn<\/p>\n","protected":false},"author":6,"featured_media":905997,"comment_status":"closed","ping_status":"closed","sticky":false,"template":"","format":"standard","meta":{"footnotes":""},"categories":[24636,24631,1133,1138],"tags":[],"vendi":[],"content_country":[],"class_list":["post-906042","post","type-post","status-publish","format-standard","has-post-thumbnail","hentry","category-nachrichten-de-4","category-nachrichten-de-2","category-e-diaspora-de","category-kultur"],"acf":[],"_links":{"self":[{"href":"https:\/\/www.albinfo.at\/de\/wp-json\/wp\/v2\/posts\/906042","targetHints":{"allow":["GET"]}}],"collection":[{"href":"https:\/\/www.albinfo.at\/de\/wp-json\/wp\/v2\/posts"}],"about":[{"href":"https:\/\/www.albinfo.at\/de\/wp-json\/wp\/v2\/types\/post"}],"author":[{"embeddable":true,"href":"https:\/\/www.albinfo.at\/de\/wp-json\/wp\/v2\/users\/6"}],"replies":[{"embeddable":true,"href":"https:\/\/www.albinfo.at\/de\/wp-json\/wp\/v2\/comments?post=906042"}],"version-history":[{"count":1,"href":"https:\/\/www.albinfo.at\/de\/wp-json\/wp\/v2\/posts\/906042\/revisions"}],"predecessor-version":[{"id":906043,"href":"https:\/\/www.albinfo.at\/de\/wp-json\/wp\/v2\/posts\/906042\/revisions\/906043"}],"wp:featuredmedia":[{"embeddable":true,"href":"https:\/\/www.albinfo.at\/de\/wp-json\/wp\/v2\/media\/905997"}],"wp:attachment":[{"href":"https:\/\/www.albinfo.at\/de\/wp-json\/wp\/v2\/media?parent=906042"}],"wp:term":[{"taxonomy":"category","embeddable":true,"href":"https:\/\/www.albinfo.at\/de\/wp-json\/wp\/v2\/categories?post=906042"},{"taxonomy":"post_tag","embeddable":true,"href":"https:\/\/www.albinfo.at\/de\/wp-json\/wp\/v2\/tags?post=906042"},{"taxonomy":"vendi","embeddable":true,"href":"https:\/\/www.albinfo.at\/de\/wp-json\/wp\/v2\/vendi?post=906042"},{"taxonomy":"content_country","embeddable":true,"href":"https:\/\/www.albinfo.at\/de\/wp-json\/wp\/v2\/content_country?post=906042"}],"curies":[{"name":"wp","href":"https:\/\/api.w.org\/{rel}","templated":true}]}}