{"id":896539,"date":"2026-01-29T15:18:17","date_gmt":"2026-01-29T14:18:17","guid":{"rendered":"https:\/\/www.albinfo.ch\/?p=896539"},"modified":"2026-01-29T21:23:54","modified_gmt":"2026-01-29T20:23:54","slug":"dua-lipa-glaenzt-bei-der-haute-couture-modenschau-von-chanel-in-paris","status":"publish","type":"post","link":"https:\/\/www.albinfo.at\/de\/dua-lipa-glaenzt-bei-der-haute-couture-modenschau-von-chanel-in-paris\/","title":{"rendered":"Dua Lipa gl\u00e4nzt bei der Haute Couture Modenschau von Chanel in Paris"},"content":{"rendered":"<p data-start=\"1100\" data-end=\"1372\">Die albanische S\u00e4ngerin von Weltrang <span class=\"hover:entity-accent entity-underline inline cursor-pointer align-baseline\"><span class=\"whitespace-normal\">Dua Lipa<\/span><\/span> zeigte sich heute bei der prestigetr\u00e4chtigen Haute Couture Modenschau des Modehauses <span class=\"hover:entity-accent entity-underline inline cursor-pointer align-baseline\"><span class=\"whitespace-normal\">Chanel<\/span><\/span> im Rahmen der <span class=\"hover:entity-accent entity-underline inline cursor-pointer align-baseline\"><span class=\"whitespace-normal\">Paris Fashion Week<\/span><\/span>, berichtet albinfo.ch.<\/p>\n<p data-start=\"1374\" data-end=\"1730\">Die K\u00fcnstlerin traf am Morgen in der franz\u00f6sischen Hauptstadt ein und wurde beim Betreten des Veranstaltungsortes fotografiert, wobei sie sofort die Aufmerksamkeit internationaler Medien und Modebegeisterter auf sich zog. Mit ihrem unverwechselbaren Stil und ihrer charakteristischen Eleganz best\u00e4tigt Dua Lipa weiterhin ihren Status als globale Modeikone.<\/p>\n<p data-start=\"1732\" data-end=\"1893\">Die Modenschau von Chanel z\u00e4hlt zu den wichtigsten Ereignissen der Modebranche und versammelt bekannte Pers\u00f6nlichkeiten aus Kunst, Film und Musik aus aller Welt.<\/p>\n<p data-start=\"1895\" data-end=\"2120\">Seit Jahren arbeitet Dua Lipa mit gro\u00dfen internationalen Marken zusammen und ist regelm\u00e4\u00dfig bei den exklusivsten Modeevents pr\u00e4sent. Damit bleibt sie eine der erfolgreichsten albanischen Vertreterinnen auf der globalen B\u00fchne.<\/p>\n<p><img loading=\"lazy\" decoding=\"async\" class=\"alignnone wp-image-896346\" src=\"https:\/\/www.albinfo.ch\/wp-content\/uploads\/2026\/01\/img_6668-683x1024.jpeg\" alt=\"\" width=\"500\" height=\"750\" srcset=\"https:\/\/www.albinfo.at\/wp-content\/uploads\/2026\/01\/img_6668-683x1024.jpeg 683w, https:\/\/www.albinfo.at\/wp-content\/uploads\/2026\/01\/img_6668-200x300.jpeg 200w, https:\/\/www.albinfo.at\/wp-content\/uploads\/2026\/01\/img_6668-768x1152.jpeg 768w, https:\/\/www.albinfo.at\/wp-content\/uploads\/2026\/01\/img_6668-1024x1536.jpeg 1024w, https:\/\/www.albinfo.at\/wp-content\/uploads\/2026\/01\/img_6668-264x396.jpeg 264w, https:\/\/www.albinfo.at\/wp-content\/uploads\/2026\/01\/img_6668-67x100.jpeg 67w, https:\/\/www.albinfo.at\/wp-content\/uploads\/2026\/01\/img_6668-117x175.jpeg 117w, https:\/\/www.albinfo.at\/wp-content\/uploads\/2026\/01\/img_6668.jpeg 1320w\" sizes=\"auto, (max-width: 500px) 100vw, 500px\" \/> <img loading=\"lazy\" decoding=\"async\" class=\"alignnone wp-image-896349\" src=\"https:\/\/www.albinfo.ch\/wp-content\/uploads\/2026\/01\/img_6669-833x1024.jpeg\" alt=\"\" width=\"500\" height=\"614\" srcset=\"https:\/\/www.albinfo.at\/wp-content\/uploads\/2026\/01\/img_6669-833x1024.jpeg 833w, https:\/\/www.albinfo.at\/wp-content\/uploads\/2026\/01\/img_6669-244x300.jpeg 244w, https:\/\/www.albinfo.at\/wp-content\/uploads\/2026\/01\/img_6669-768x944.jpeg 768w, https:\/\/www.albinfo.at\/wp-content\/uploads\/2026\/01\/img_6669-322x396.jpeg 322w, https:\/\/www.albinfo.at\/wp-content\/uploads\/2026\/01\/img_6669-81x100.jpeg 81w, https:\/\/www.albinfo.at\/wp-content\/uploads\/2026\/01\/img_6669-142x175.jpeg 142w, https:\/\/www.albinfo.at\/wp-content\/uploads\/2026\/01\/img_6669.jpeg 1080w\" sizes=\"auto, (max-width: 500px) 100vw, 500px\" \/> <img loading=\"lazy\" decoding=\"async\" class=\"alignnone wp-image-896352\" src=\"https:\/\/www.albinfo.ch\/wp-content\/uploads\/2026\/01\/img_6667-683x1024.jpeg\" alt=\"\" width=\"500\" height=\"750\" srcset=\"https:\/\/www.albinfo.at\/wp-content\/uploads\/2026\/01\/img_6667-683x1024.jpeg 683w, https:\/\/www.albinfo.at\/wp-content\/uploads\/2026\/01\/img_6667-200x300.jpeg 200w, https:\/\/www.albinfo.at\/wp-content\/uploads\/2026\/01\/img_6667-768x1152.jpeg 768w, https:\/\/www.albinfo.at\/wp-content\/uploads\/2026\/01\/img_6667-1024x1536.jpeg 1024w, https:\/\/www.albinfo.at\/wp-content\/uploads\/2026\/01\/img_6667-264x396.jpeg 264w, https:\/\/www.albinfo.at\/wp-content\/uploads\/2026\/01\/img_6667-67x100.jpeg 67w, https:\/\/www.albinfo.at\/wp-content\/uploads\/2026\/01\/img_6667-117x175.jpeg 117w, https:\/\/www.albinfo.at\/wp-content\/uploads\/2026\/01\/img_6667.jpeg 1320w\" sizes=\"auto, (max-width: 500px) 100vw, 500px\" \/><\/p>\n","protected":false},"excerpt":{"rendered":"<p>Eleganz und Stil, Dua Lipa gl\u00e4nzt bei der Paris Fashion Week<\/p>\n","protected":false},"author":6,"featured_media":896357,"comment_status":"closed","ping_status":"closed","sticky":false,"template":"","format":"standard","meta":{"footnotes":""},"categories":[24659,24631,24673,1138],"tags":[],"vendi":[],"content_country":[],"class_list":["post-896539","post","type-post","status-publish","format-standard","has-post-thumbnail","hentry","category-musik","category-nachrichten-de-2","category-lifestyle-de","category-kultur"],"acf":[],"_links":{"self":[{"href":"https:\/\/www.albinfo.at\/de\/wp-json\/wp\/v2\/posts\/896539","targetHints":{"allow":["GET"]}}],"collection":[{"href":"https:\/\/www.albinfo.at\/de\/wp-json\/wp\/v2\/posts"}],"about":[{"href":"https:\/\/www.albinfo.at\/de\/wp-json\/wp\/v2\/types\/post"}],"author":[{"embeddable":true,"href":"https:\/\/www.albinfo.at\/de\/wp-json\/wp\/v2\/users\/6"}],"replies":[{"embeddable":true,"href":"https:\/\/www.albinfo.at\/de\/wp-json\/wp\/v2\/comments?post=896539"}],"version-history":[{"count":1,"href":"https:\/\/www.albinfo.at\/de\/wp-json\/wp\/v2\/posts\/896539\/revisions"}],"predecessor-version":[{"id":896540,"href":"https:\/\/www.albinfo.at\/de\/wp-json\/wp\/v2\/posts\/896539\/revisions\/896540"}],"wp:featuredmedia":[{"embeddable":true,"href":"https:\/\/www.albinfo.at\/de\/wp-json\/wp\/v2\/media\/896357"}],"wp:attachment":[{"href":"https:\/\/www.albinfo.at\/de\/wp-json\/wp\/v2\/media?parent=896539"}],"wp:term":[{"taxonomy":"category","embeddable":true,"href":"https:\/\/www.albinfo.at\/de\/wp-json\/wp\/v2\/categories?post=896539"},{"taxonomy":"post_tag","embeddable":true,"href":"https:\/\/www.albinfo.at\/de\/wp-json\/wp\/v2\/tags?post=896539"},{"taxonomy":"vendi","embeddable":true,"href":"https:\/\/www.albinfo.at\/de\/wp-json\/wp\/v2\/vendi?post=896539"},{"taxonomy":"content_country","embeddable":true,"href":"https:\/\/www.albinfo.at\/de\/wp-json\/wp\/v2\/content_country?post=896539"}],"curies":[{"name":"wp","href":"https:\/\/api.w.org\/{rel}","templated":true}]}}