{"id":896315,"date":"2026-01-28T17:40:20","date_gmt":"2026-01-28T16:40:20","guid":{"rendered":"https:\/\/www.albinfo.ch\/?p=896315"},"modified":"2026-01-28T22:47:08","modified_gmt":"2026-01-28T21:47:08","slug":"aurora-borealis-verzaubert-die-schweiz-spektakulaeres-schauspiel-am-himmel","status":"publish","type":"post","link":"https:\/\/www.albinfo.at\/de\/aurora-borealis-verzaubert-die-schweiz-spektakulaeres-schauspiel-am-himmel\/","title":{"rendered":"Aurora Borealis verzaubert die Schweiz, spektakul\u00e4res Schauspiel am Himmel"},"content":{"rendered":"<p data-start=\"955\" data-end=\"1246\">In der vergangenen Nacht wurde der Himmel \u00fcber der Schweiz von einem beeindruckenden Schauspiel der Nordlichter erhellt. Leserinnen und Leser aus der Nord, Ost und Zentralschweiz sowie aus dem Wallis haben eindrucksvolle Fotos dieses seltenen Naturph\u00e4nomens eingesandt, berichtet albinfo.ch.<\/p>\n<p data-start=\"1248\" data-end=\"1436\">Das als Aurora Borealis oder Nordlichter bekannte Ph\u00e4nomen entsteht, wenn geladene Teilchen der Sonne auf die Erdatmosph\u00e4re treffen und dabei ein leuchtendes Schauspiel am Himmel erzeugen.<\/p>\n<p data-start=\"1438\" data-end=\"1831\" data-is-last-node=\"\" data-is-only-node=\"\">Laut Meteo News herrschten in der vergangenen Nacht ideale Bedingungen. Ein au\u00dfergew\u00f6hnlich starker Sonnensturm, der st\u00e4rkste der letzten zwanzig Jahre, sorgte daf\u00fcr, dass das Ph\u00e4nomen bis nach Mitteleuropa sichtbar war, sogar in tiefer gelegenen Regionen der Schweiz. Mehrere koronale Massenausw\u00fcrfe der Sonne trafen auf das Magnetfeld der Erde und tauchten den Himmel in spektakul\u00e4re Farben. \/Albinfo.ch.<\/p>\n<p><a href=\"https:\/\/www.blick.ch\/schweiz\/sonnensturm-zauber-bilder-zeigen-polarlichter-ueber-der-schweiz-id21613720.html\">https:\/\/www.blick.ch\/schweiz\/sonnensturm-zauber-bilder-zeigen-polarlichter-ueber-der-schweiz-id21613720.html<\/a><\/p>\n","protected":false},"excerpt":{"rendered":"<p>Ein Sonnensturm bringt Nordlichter bis in die Schweiz<\/p>\n","protected":false},"author":6,"featured_media":896189,"comment_status":"closed","ping_status":"closed","sticky":false,"template":"","format":"standard","meta":{"footnotes":""},"categories":[33439,24006,24631,1140],"tags":[],"vendi":[],"content_country":[],"class_list":["post-896315","post","type-post","status-publish","format-standard","has-post-thumbnail","hentry","category-kuriositaeten-de","category-lajme-jeta-ne-zvicer-de","category-nachrichten-de-2","category-leben-in-der-schweiz"],"acf":[],"_links":{"self":[{"href":"https:\/\/www.albinfo.at\/de\/wp-json\/wp\/v2\/posts\/896315","targetHints":{"allow":["GET"]}}],"collection":[{"href":"https:\/\/www.albinfo.at\/de\/wp-json\/wp\/v2\/posts"}],"about":[{"href":"https:\/\/www.albinfo.at\/de\/wp-json\/wp\/v2\/types\/post"}],"author":[{"embeddable":true,"href":"https:\/\/www.albinfo.at\/de\/wp-json\/wp\/v2\/users\/6"}],"replies":[{"embeddable":true,"href":"https:\/\/www.albinfo.at\/de\/wp-json\/wp\/v2\/comments?post=896315"}],"version-history":[{"count":1,"href":"https:\/\/www.albinfo.at\/de\/wp-json\/wp\/v2\/posts\/896315\/revisions"}],"predecessor-version":[{"id":896316,"href":"https:\/\/www.albinfo.at\/de\/wp-json\/wp\/v2\/posts\/896315\/revisions\/896316"}],"wp:featuredmedia":[{"embeddable":true,"href":"https:\/\/www.albinfo.at\/de\/wp-json\/wp\/v2\/media\/896189"}],"wp:attachment":[{"href":"https:\/\/www.albinfo.at\/de\/wp-json\/wp\/v2\/media?parent=896315"}],"wp:term":[{"taxonomy":"category","embeddable":true,"href":"https:\/\/www.albinfo.at\/de\/wp-json\/wp\/v2\/categories?post=896315"},{"taxonomy":"post_tag","embeddable":true,"href":"https:\/\/www.albinfo.at\/de\/wp-json\/wp\/v2\/tags?post=896315"},{"taxonomy":"vendi","embeddable":true,"href":"https:\/\/www.albinfo.at\/de\/wp-json\/wp\/v2\/vendi?post=896315"},{"taxonomy":"content_country","embeddable":true,"href":"https:\/\/www.albinfo.at\/de\/wp-json\/wp\/v2\/content_country?post=896315"}],"curies":[{"name":"wp","href":"https:\/\/api.w.org\/{rel}","templated":true}]}}