{"id":896264,"date":"2026-01-28T14:31:42","date_gmt":"2026-01-28T13:31:42","guid":{"rendered":"https:\/\/www.albinfo.ch\/?p=896264"},"modified":"2026-01-28T20:36:59","modified_gmt":"2026-01-28T19:36:59","slug":"brilant-milazimi-vertritt-den-kosovo-bei-der-biennale-von-venedig-2026","status":"publish","type":"post","link":"https:\/\/www.albinfo.at\/de\/brilant-milazimi-vertritt-den-kosovo-bei-der-biennale-von-venedig-2026\/","title":{"rendered":"Brilant Milazimi vertritt den Kosovo bei der Biennale von Venedig 2026"},"content":{"rendered":"<p data-start=\"3455\" data-end=\"3921\">Weniger als vier Monate vor der 61. Ausgabe der Internationalen Kunstausstellung in Venedig befinden sich die Vorbereitungen f\u00fcr die Pr\u00e4sentation der Kunst aus dem Kosovo in der Endphase. Der Pavillon des Kosovo zeigt in diesem Jahr erstmals ein Gem\u00e4lde: das 17 Meter lange monumentale Werk &#8220;Dh\u00ebmb\u00eb t\u00eb fort\u00eb&#8221; des K\u00fcnstlers <span class=\"hover:entity-accent entity-underline inline cursor-pointer align-baseline\"><span class=\"whitespace-normal\">Brilant Milazimi<\/span><\/span>, das in der barocken Kirche <span class=\"hover:entity-accent entity-underline inline cursor-pointer align-baseline\"><span class=\"whitespace-normal\">Chiesa di Santa Maria del Pianto<\/span><\/span> installiert wird, berichtet albinfo.ch.<\/p>\n<p data-start=\"3923\" data-end=\"4703\">Diese Kirche und das ehemalige achteckige Kloster, das 1658 vom Architekten Francesco Contin errichtet wurde, liegt gegen\u00fcber der Lagune von Venedig und z\u00e4hlt zu den wertvollen R\u00e4umen der venezianischen Architektur. Im Laufe der Jahrhunderte diente der Komplex als Schule, Krankenhaus, Kaserne und Lagerraum, bevor er f\u00fcr die \u00d6ffentlichkeit geschlossen wurde und jahrzehntelang unber\u00fchrt blieb. Heute befindet sich das Geb\u00e4ude im Besitz eines privaten Unternehmens und wird f\u00fcr verschiedene ambulante Aktivit\u00e4ten genutzt, w\u00e4hrend die Kirche weiterhin verlassen ist. Nach Angaben der Nationalgalerie des Kosovo stellt die diesj\u00e4hrige Teilnahme eine seltene Wieder\u00f6ffnung dieses geschlossenen Raums dar und verweist auf Zyklen von Hingabe, Verlassenheit und institutionellem Warten.<\/p>\n<p data-start=\"4705\" data-end=\"5450\">Die Ausstellung von Milazimi, kuratiert vom Mexikaner Jos\u00e9 Esparza Chong Cuy, ist vom 9. Mai bis zum 22. November ge\u00f6ffnet. Das Gem\u00e4lde &#8220;Dh\u00ebmb\u00eb t\u00eb fort\u00eb&#8221; zeigt eine Abfolge eng aneinandergereihter Figuren, die an die l\u00e4ndliche Landschaft des Kosovo und lange Menschenprozessionen erinnern und eine Atmosph\u00e4re zeitlicher Schwebe sowie emotionaler Spannung erzeugen. Die Farbe Rot dominiert das Werk, w\u00e4hrend helle und dunkle Nuancen Licht und Schatten formen, die den Figuren eine zugleich poetische und unheilvolle Dimension verleihen. Das Werk spiegelt die physische und psychologische Anspannung eines langen Wartens wider und reflektiert Jahrzehnte der Unsicherheit, gepr\u00e4gt von politischem Wandel und der umstrittenen Anerkennung des Kosovo.<\/p>\n<p data-start=\"5452\" data-end=\"5992\">Laut der Nationalgalerie des Kosovo l\u00e4dt die Ausstellung die Besucher dazu ein, das Werk aus n\u00e4chster N\u00e4he zu erleben, w\u00e4hrend die Figuren &#8220;widerstehen, verharren im Warten, mit fest zusammengebissenen Z\u00e4hnen&#8221; und so einen Dialog mit der politischen und gesellschaftlichen Situation des Landes herstellen. &#8220;Die Ausstellung zielt darauf ab, durch eine immersive Atmosph\u00e4re und eine stille Spannung tiefe emotionale Reaktionen hervorzurufen und unsichere politische Zust\u00e4nde sowie globale Krisen widerzuspiegeln&#8221;, heisst es in der Begr\u00fcndung.<\/p>\n<p data-start=\"5994\" data-end=\"6407\">Milazimi, ein K\u00fcnstler der jungen Generation aus Gjilan, wurde einstimmig von einer internationalen Jury ausgew\u00e4hlt, der Inke Arns, Er\u00ebmir\u00eb Krasniqi, Christine Macel, Valentine Umansky und Rein Wolfs angeh\u00f6rten. Die Jury w\u00fcrdigte die Klarheit seiner Vision, die kraftvolle visuelle Sprache und sein Engagement f\u00fcr das Medium der Malerei und bestimmte ihn damit, ein neues Kapitel des Kosovo Pavillons zu er\u00f6ffnen.<\/p>\n<p data-start=\"6409\" data-end=\"6762\">Der Kurator der Ausstellung, Jos\u00e9 Esparza Chong Cuy, ist Schriftsteller, Redakteur und Architekt aus Mexiko. Er hat mit Dutzenden von K\u00fcnstlerinnen und K\u00fcnstlern weltweit zusammengearbeitet und ist Mitherausgeber des kommenden Buches Empty Plinths: Monuments, Memorials, and Public Sculpture in Mexico, das 2026 bei Harvard Design Press erscheinen wird.<\/p>\n<p data-start=\"6764\" data-end=\"7058\" data-is-last-node=\"\" data-is-only-node=\"\">Der Kosovo setzt damit die Tradition fort, seine visuelle Kultur bei der <span class=\"hover:entity-accent entity-underline inline cursor-pointer align-baseline\"><span class=\"whitespace-normal\">Biennale von Venedig<\/span><\/span> zu pr\u00e4sentieren, diesen Raum f\u00fcr kulturellen und politischen Dialog zu nutzen und in diesem Jahr mit dem monumentalen Gem\u00e4lde von Brilant Milazimi ein besonderes Kapitel zu markieren.<\/p>\n","protected":false},"excerpt":{"rendered":"<p>Der Kosovo bei der 61. Biennale von Venedig, mit dem 17 Meter langen Gem\u00e4lde \u201eDh\u00ebmb\u00eb t\u00eb fort\u00eb\u201c von Brilant Milazimi in der barocken Kirche Santa Maria del Pianto<\/p>\n","protected":false},"author":6,"featured_media":895789,"comment_status":"closed","ping_status":"closed","sticky":false,"template":"","format":"standard","meta":{"footnotes":""},"categories":[34918,24636,1134,24667,1133,1138],"tags":[],"vendi":[],"content_country":[],"class_list":["post-896264","post","type-post","status-publish","format-standard","has-post-thumbnail","hentry","category-andere-de-5","category-nachrichten-de-4","category-integration","category-ausstellung","category-e-diaspora-de","category-kultur"],"acf":[],"_links":{"self":[{"href":"https:\/\/www.albinfo.at\/de\/wp-json\/wp\/v2\/posts\/896264","targetHints":{"allow":["GET"]}}],"collection":[{"href":"https:\/\/www.albinfo.at\/de\/wp-json\/wp\/v2\/posts"}],"about":[{"href":"https:\/\/www.albinfo.at\/de\/wp-json\/wp\/v2\/types\/post"}],"author":[{"embeddable":true,"href":"https:\/\/www.albinfo.at\/de\/wp-json\/wp\/v2\/users\/6"}],"replies":[{"embeddable":true,"href":"https:\/\/www.albinfo.at\/de\/wp-json\/wp\/v2\/comments?post=896264"}],"version-history":[{"count":1,"href":"https:\/\/www.albinfo.at\/de\/wp-json\/wp\/v2\/posts\/896264\/revisions"}],"predecessor-version":[{"id":896265,"href":"https:\/\/www.albinfo.at\/de\/wp-json\/wp\/v2\/posts\/896264\/revisions\/896265"}],"wp:featuredmedia":[{"embeddable":true,"href":"https:\/\/www.albinfo.at\/de\/wp-json\/wp\/v2\/media\/895789"}],"wp:attachment":[{"href":"https:\/\/www.albinfo.at\/de\/wp-json\/wp\/v2\/media?parent=896264"}],"wp:term":[{"taxonomy":"category","embeddable":true,"href":"https:\/\/www.albinfo.at\/de\/wp-json\/wp\/v2\/categories?post=896264"},{"taxonomy":"post_tag","embeddable":true,"href":"https:\/\/www.albinfo.at\/de\/wp-json\/wp\/v2\/tags?post=896264"},{"taxonomy":"vendi","embeddable":true,"href":"https:\/\/www.albinfo.at\/de\/wp-json\/wp\/v2\/vendi?post=896264"},{"taxonomy":"content_country","embeddable":true,"href":"https:\/\/www.albinfo.at\/de\/wp-json\/wp\/v2\/content_country?post=896264"}],"curies":[{"name":"wp","href":"https:\/\/api.w.org\/{rel}","templated":true}]}}