{"id":896032,"date":"2026-01-27T14:47:34","date_gmt":"2026-01-27T13:47:34","guid":{"rendered":"https:\/\/www.albinfo.ch\/?p=896032"},"modified":"2026-01-27T22:44:06","modified_gmt":"2026-01-27T21:44:06","slug":"eine-schweizer-legende-uebernimmt-das-ruder-beim-fc-basel","status":"publish","type":"post","link":"https:\/\/www.albinfo.at\/de\/eine-schweizer-legende-uebernimmt-das-ruder-beim-fc-basel\/","title":{"rendered":"Eine Schweizer Legende \u00fcbernimmt das Ruder beim FC Basel"},"content":{"rendered":"<p data-start=\"1610\" data-end=\"1903\">Die Schweizer Fu\u00dfballlegende <span class=\"hover:entity-accent entity-underline inline cursor-pointer align-baseline\"><span class=\"whitespace-normal\">Stephan Lichtsteiner<\/span><\/span> ist zum neuen Trainer des <span class=\"hover:entity-accent entity-underline inline cursor-pointer align-baseline\"><span class=\"whitespace-normal\">FC Basel<\/span><\/span> ernannt worden. Die Verpflichtung des 42 J\u00e4hrigen erfolgte am Montag, unmittelbar nach der Entlassung von Ludovic Magnin aus dem Traineramt, berichtet albinfo.ch.<\/p>\n<p data-start=\"1905\" data-end=\"2077\">Lichtsteiner zeigte sich voll \u00fcberzeugt vom langfristigen Projekt des Klubs und betonte, dass die \u00dcbernahme dieser Aufgabe f\u00fcr ihn eine nat\u00fcrliche Entscheidung gewesen sei.<\/p>\n<p data-start=\"2079\" data-end=\"2363\">&#8220;Ich bin sehr \u00fcberzeugt vom langfristigen Projekt beim FC Basel und freue mich deshalb, nun Teil davon zu sein. F\u00fcr mich war klar, dass ich diese Herausforderung bei einem so gro\u00dfen Klub annehmen m\u00f6chte. Ich bin sicher, dass wir gemeinsam in Basel viel erreichen k\u00f6nnen&#8221;, erkl\u00e4rte er.<\/p>\n<p data-start=\"2365\" data-end=\"2584\">Der ehemalige Kapit\u00e4n der Schweiz ist mit dem Umfeld in Basel bestens vertraut. Bereits fr\u00fcher arbeitete er als Trainer im Nachwuchsbereich des Klubs, zuletzt betreute er die Schweizer Mannschaft FC Wettswil Bonstetten.<\/p>\n<p data-start=\"2586\" data-end=\"2869\">Als Spieler blickt Lichtsteiner auf eine au\u00dfergew\u00f6hnliche Karriere zur\u00fcck. Er stand unter anderem bei renommierten europ\u00e4ischen Vereinen wie Grasshopper, Lille, Lazio, Juventus, Arsenal und Augsburg unter Vertrag. F\u00fcr die Schweizer Nationalmannschaft absolvierte er 108 L\u00e4nderspiele.<\/p>\n<p data-start=\"2871\" data-end=\"3172\" data-is-last-node=\"\" data-is-only-node=\"\">In Erinnerung geblieben ist er auch durch einen symboltr\u00e4chtigen Moment bei der Weltmeisterschaft &#8220;Russland 2018&#8221;, als er beim 2:1 Sieg der Schweiz gegen Serbien nach dem Tor von Granit Xhaka mit dem Doppeladler jubelte. In diesem Spiel traf auch Xherdan Shaqiri, der aktuell Kapit\u00e4n des FC Basel ist.\/Albinfo.ch<\/p>\n<p><img loading=\"lazy\" decoding=\"async\" class=\"alignnone wp-image-895827\" src=\"https:\/\/www.albinfo.ch\/wp-content\/uploads\/2026\/01\/img_6589-825x1024.jpeg\" alt=\"\" width=\"500\" height=\"620\" srcset=\"https:\/\/www.albinfo.at\/wp-content\/uploads\/2026\/01\/img_6589-825x1024.jpeg 825w, https:\/\/www.albinfo.at\/wp-content\/uploads\/2026\/01\/img_6589-242x300.jpeg 242w, https:\/\/www.albinfo.at\/wp-content\/uploads\/2026\/01\/img_6589-768x953.jpeg 768w, https:\/\/www.albinfo.at\/wp-content\/uploads\/2026\/01\/img_6589-319x396.jpeg 319w, https:\/\/www.albinfo.at\/wp-content\/uploads\/2026\/01\/img_6589-81x100.jpeg 81w, https:\/\/www.albinfo.at\/wp-content\/uploads\/2026\/01\/img_6589-141x175.jpeg 141w, https:\/\/www.albinfo.at\/wp-content\/uploads\/2026\/01\/img_6589.jpeg 1192w\" sizes=\"auto, (max-width: 500px) 100vw, 500px\" \/><\/p>\n","protected":false},"excerpt":{"rendered":"<p>Ein neues Kapitel f\u00fcr den FC Basel mit Stephan Lichtsteiner als Trainer<\/p>\n","protected":false},"author":6,"featured_media":895832,"comment_status":"closed","ping_status":"closed","sticky":false,"template":"","format":"standard","meta":{"footnotes":""},"categories":[4023,24006,24631,1140,1139],"tags":[],"vendi":[],"content_country":[],"class_list":["post-896032","post","type-post","status-publish","format-standard","has-post-thumbnail","hentry","category-futboll-de","category-lajme-jeta-ne-zvicer-de","category-nachrichten-de-2","category-leben-in-der-schweiz","category-sport"],"acf":[],"_links":{"self":[{"href":"https:\/\/www.albinfo.at\/de\/wp-json\/wp\/v2\/posts\/896032","targetHints":{"allow":["GET"]}}],"collection":[{"href":"https:\/\/www.albinfo.at\/de\/wp-json\/wp\/v2\/posts"}],"about":[{"href":"https:\/\/www.albinfo.at\/de\/wp-json\/wp\/v2\/types\/post"}],"author":[{"embeddable":true,"href":"https:\/\/www.albinfo.at\/de\/wp-json\/wp\/v2\/users\/6"}],"replies":[{"embeddable":true,"href":"https:\/\/www.albinfo.at\/de\/wp-json\/wp\/v2\/comments?post=896032"}],"version-history":[{"count":1,"href":"https:\/\/www.albinfo.at\/de\/wp-json\/wp\/v2\/posts\/896032\/revisions"}],"predecessor-version":[{"id":896033,"href":"https:\/\/www.albinfo.at\/de\/wp-json\/wp\/v2\/posts\/896032\/revisions\/896033"}],"wp:featuredmedia":[{"embeddable":true,"href":"https:\/\/www.albinfo.at\/de\/wp-json\/wp\/v2\/media\/895832"}],"wp:attachment":[{"href":"https:\/\/www.albinfo.at\/de\/wp-json\/wp\/v2\/media?parent=896032"}],"wp:term":[{"taxonomy":"category","embeddable":true,"href":"https:\/\/www.albinfo.at\/de\/wp-json\/wp\/v2\/categories?post=896032"},{"taxonomy":"post_tag","embeddable":true,"href":"https:\/\/www.albinfo.at\/de\/wp-json\/wp\/v2\/tags?post=896032"},{"taxonomy":"vendi","embeddable":true,"href":"https:\/\/www.albinfo.at\/de\/wp-json\/wp\/v2\/vendi?post=896032"},{"taxonomy":"content_country","embeddable":true,"href":"https:\/\/www.albinfo.at\/de\/wp-json\/wp\/v2\/content_country?post=896032"}],"curies":[{"name":"wp","href":"https:\/\/api.w.org\/{rel}","templated":true}]}}