{"id":895733,"date":"2026-01-26T22:24:35","date_gmt":"2026-01-26T21:24:35","guid":{"rendered":"https:\/\/www.albinfo.ch\/?p=895733"},"modified":"2026-01-27T00:29:49","modified_gmt":"2026-01-26T23:29:49","slug":"ein-flugzeug-von-chair-airlines-landet-auf-den-tramgleisen-in-zuerich","status":"publish","type":"post","link":"https:\/\/www.albinfo.at\/de\/ein-flugzeug-von-chair-airlines-landet-auf-den-tramgleisen-in-zuerich\/","title":{"rendered":"Ein Flugzeug von Chair Airlines landet auf den Tramgleisen in Z\u00fcrich"},"content":{"rendered":"<p data-start=\"1370\" data-end=\"1712\">Die Schweizer Fluggesellschaft <span class=\"hover:entity-accent entity-underline inline cursor-pointer align-baseline\"><span class=\"whitespace-normal\">Chair Airlines<\/span><\/span> hat ihre Pr\u00e4senz \u00fcber den Luftraum hinaus ausgeweitet. Bis Ende April 2026 ist eine Tram der <span class=\"hover:entity-accent entity-underline inline cursor-pointer align-baseline\"><span class=\"whitespace-normal\">VBZ<\/span><\/span> in der Stadt unterwegs, die innen und aussen vollst\u00e4ndig im visuellen Erscheinungsbild von Chair Airlines gestaltet ist, berichtet albinfo.ch.<\/p>\n<p data-start=\"1714\" data-end=\"1862\">Mit dieser Initiative will das Unternehmen die Sichtbarkeit der Marke im urbanen Alltag erh\u00f6hen, zus\u00e4tzlich zu klassischen Werbeformen wie Plakaten.<\/p>\n<p data-start=\"1864\" data-end=\"2249\">Der offizielle Start der Aktion fand am Freitag, dem 23. Januar 2026, mit einer rund einst\u00fcndigen Jungfernfahrt statt. Die Tram startete am <span class=\"hover:entity-accent entity-underline inline cursor-pointer align-baseline\"><span class=\"whitespace-normal\">Flughafen Z\u00fcrich<\/span><\/span>, fuhr durch die Quartiere Oerlikon und Seebach und kehrte anschliessend wieder zum Flughafen zur\u00fcck. An der symbolischen Fahrt nahmen rund 60 Vertreterinnen und Vertreter der Reise und Luftfahrtbranche teil.<\/p>\n<p data-start=\"2251\" data-end=\"2329\">Begr\u00fcsst wurden die G\u00e4ste vom Finanzchef von Chair Airlines, Christof Aregger.<\/p>\n<p data-start=\"2331\" data-end=\"2558\">Im Rahmen der Kampagne hat Chair Airlines zudem ein Gewinnspiel in den sozialen Medien lanciert. Wer die gebrandete Tram entdeckt, kann ein Foto oder Video posten, den Hashtag #ChairTram verwenden und das Unternehmen markieren.<\/p>\n<p data-start=\"2560\" data-end=\"2656\" data-is-last-node=\"\" data-is-only-node=\"\">Jeden Monat werden 1\u00d72 Fl\u00fcge mit Chair Airlines verlost, die Kampagne l\u00e4uft bis Ende April 2026.<\/p>\n<blockquote class=\"instagram-media\" style=\"background: #FFF; border: 0; border-radius: 3px; box-shadow: 0 0 1px 0 rgba(0,0,0,0.5),0 1px 10px 0 rgba(0,0,0,0.15); margin: 1px; max-width: 540px; min-width: 326px; padding: 0; width: calc(100% - 2px);\" data-instgrm-captioned=\"\" data-instgrm-permalink=\"https:\/\/www.instagram.com\/reel\/DT-0RLpEc0z\/?utm_source=ig_embed&amp;utm_campaign=loading\" data-instgrm-version=\"14\">\n<div style=\"padding: 16px;\">\n<p>&nbsp;<\/p>\n<div style=\"display: flex; flex-direction: row; align-items: center;\">\n<div style=\"background-color: #f4f4f4; border-radius: 50%; flex-grow: 0; height: 40px; margin-right: 14px; width: 40px;\"><\/div>\n<div style=\"display: flex; flex-direction: column; flex-grow: 1; justify-content: center;\">\n<div style=\"background-color: #f4f4f4; border-radius: 4px; flex-grow: 0; height: 14px; margin-bottom: 6px; width: 100px;\"><\/div>\n<div style=\"background-color: #f4f4f4; border-radius: 4px; flex-grow: 0; height: 14px; width: 60px;\"><\/div>\n<\/div>\n<\/div>\n<div style=\"padding: 19% 0;\"><\/div>\n<div style=\"display: block; height: 50px; margin: 0 auto 12px; width: 50px;\"><\/div>\n<div style=\"padding-top: 8px;\">\n<div style=\"color: #3897f0; font-family: Arial,sans-serif; font-size: 14px; font-style: normal; font-weight: 550; line-height: 18px;\">Sieh dir diesen Beitrag auf Instagram an<\/div>\n<\/div>\n<div style=\"padding: 12.5% 0;\"><\/div>\n<div style=\"display: flex; flex-direction: row; margin-bottom: 14px; align-items: center;\">\n<div>\n<div style=\"background-color: #f4f4f4; border-radius: 50%; height: 12.5px; width: 12.5px; transform: translateX(0px) translateY(7px);\"><\/div>\n<div style=\"background-color: #f4f4f4; height: 12.5px; transform: rotate(-45deg) translateX(3px) translateY(1px); width: 12.5px; flex-grow: 0; margin-right: 14px; margin-left: 2px;\"><\/div>\n<div style=\"background-color: #f4f4f4; border-radius: 50%; height: 12.5px; width: 12.5px; transform: translateX(9px) translateY(-18px);\"><\/div>\n<\/div>\n<div style=\"margin-left: 8px;\">\n<div style=\"background-color: #f4f4f4; border-radius: 50%; flex-grow: 0; height: 20px; width: 20px;\"><\/div>\n<div style=\"width: 0; height: 0; border-top: 2px solid transparent; border-left: 6px solid #f4f4f4; border-bottom: 2px solid transparent; transform: translateX(16px) translateY(-4px) rotate(30deg);\"><\/div>\n<\/div>\n<div style=\"margin-left: auto;\">\n<div style=\"width: 0px; border-top: 8px solid #F4F4F4; border-right: 8px solid transparent; transform: translateY(16px);\"><\/div>\n<div style=\"background-color: #f4f4f4; flex-grow: 0; height: 12px; width: 16px; transform: translateY(-4px);\"><\/div>\n<div style=\"width: 0; height: 0; border-top: 8px solid #F4F4F4; border-left: 8px solid transparent; transform: translateY(-4px) translateX(8px);\"><\/div>\n<\/div>\n<\/div>\n<div style=\"display: flex; flex-direction: column; flex-grow: 1; justify-content: center; margin-bottom: 24px;\">\n<div style=\"background-color: #f4f4f4; border-radius: 4px; flex-grow: 0; height: 14px; margin-bottom: 6px; width: 224px;\"><\/div>\n<div style=\"background-color: #f4f4f4; border-radius: 4px; flex-grow: 0; height: 14px; width: 144px;\"><\/div>\n<\/div>\n<p>&nbsp;<\/p>\n<p style=\"color: #c9c8cd; font-family: Arial,sans-serif; font-size: 14px; line-height: 17px; margin-bottom: 0; margin-top: 8px; overflow: hidden; padding: 8px 0 7px; text-align: center; text-overflow: ellipsis; white-space: nowrap;\"><a style=\"color: #c9c8cd; font-family: Arial,sans-serif; font-size: 14px; font-style: normal; font-weight: normal; line-height: 17px; text-decoration: none;\" href=\"https:\/\/www.instagram.com\/reel\/DT-0RLpEc0z\/?utm_source=ig_embed&amp;utm_campaign=loading\" target=\"_blank\" rel=\"noopener\">Ein Beitrag geteilt von Chair Airlines (@flychair.ch)<\/a><\/p>\n<\/div>\n<\/blockquote>\n<p><script async src=\"\/\/www.instagram.com\/embed.js\"><\/script><\/p>\n<p>&nbsp;<\/p>\n","protected":false},"excerpt":{"rendered":"<p>Die Schweizer Fluggesellschaft Chair Airlines hat ihre Pr\u00e4senz \u00fcber den Luftraum hinaus ausgeweitet. Bis Ende April 2026 ist eine Tram der VBZ in der Stadt unterwegs, die innen und aussen vollst\u00e4ndig im visuellen Erscheinungsbild von Chair Airlines gestaltet ist, berichtet albinfo.ch. Mit dieser Initiative will das Unternehmen die Sichtbarkeit der Marke im urbanen Alltag erh\u00f6hen, [&hellip;]<\/p>\n","protected":false},"author":6,"featured_media":895701,"comment_status":"closed","ping_status":"closed","sticky":false,"template":"","format":"standard","meta":{"footnotes":""},"categories":[34915,1134,3981,11228,24695,1133,1140],"tags":[],"vendi":[],"content_country":[],"class_list":["post-895733","post","type-post","status-publish","format-standard","has-post-thumbnail","hentry","category-marketing-jeta-ne-zvicer-de","category-integration","category-unternehmen-cat","category-ekonomi-de","category-autotech-de","category-e-diaspora-de","category-leben-in-der-schweiz"],"acf":[],"_links":{"self":[{"href":"https:\/\/www.albinfo.at\/de\/wp-json\/wp\/v2\/posts\/895733","targetHints":{"allow":["GET"]}}],"collection":[{"href":"https:\/\/www.albinfo.at\/de\/wp-json\/wp\/v2\/posts"}],"about":[{"href":"https:\/\/www.albinfo.at\/de\/wp-json\/wp\/v2\/types\/post"}],"author":[{"embeddable":true,"href":"https:\/\/www.albinfo.at\/de\/wp-json\/wp\/v2\/users\/6"}],"replies":[{"embeddable":true,"href":"https:\/\/www.albinfo.at\/de\/wp-json\/wp\/v2\/comments?post=895733"}],"version-history":[{"count":1,"href":"https:\/\/www.albinfo.at\/de\/wp-json\/wp\/v2\/posts\/895733\/revisions"}],"predecessor-version":[{"id":895734,"href":"https:\/\/www.albinfo.at\/de\/wp-json\/wp\/v2\/posts\/895733\/revisions\/895734"}],"wp:featuredmedia":[{"embeddable":true,"href":"https:\/\/www.albinfo.at\/de\/wp-json\/wp\/v2\/media\/895701"}],"wp:attachment":[{"href":"https:\/\/www.albinfo.at\/de\/wp-json\/wp\/v2\/media?parent=895733"}],"wp:term":[{"taxonomy":"category","embeddable":true,"href":"https:\/\/www.albinfo.at\/de\/wp-json\/wp\/v2\/categories?post=895733"},{"taxonomy":"post_tag","embeddable":true,"href":"https:\/\/www.albinfo.at\/de\/wp-json\/wp\/v2\/tags?post=895733"},{"taxonomy":"vendi","embeddable":true,"href":"https:\/\/www.albinfo.at\/de\/wp-json\/wp\/v2\/vendi?post=895733"},{"taxonomy":"content_country","embeddable":true,"href":"https:\/\/www.albinfo.at\/de\/wp-json\/wp\/v2\/content_country?post=895733"}],"curies":[{"name":"wp","href":"https:\/\/api.w.org\/{rel}","templated":true}]}}