{"id":895686,"date":"2026-01-26T14:33:01","date_gmt":"2026-01-26T13:33:01","guid":{"rendered":"https:\/\/www.albinfo.ch\/?p=895686"},"modified":"2026-01-26T20:37:45","modified_gmt":"2026-01-26T19:37:45","slug":"der-fc-basel-entlaesst-seinen-trainer","status":"publish","type":"post","link":"https:\/\/www.albinfo.at\/de\/der-fc-basel-entlaesst-seinen-trainer\/","title":{"rendered":"Der FC Basel entl\u00e4sst seinen Trainer"},"content":{"rendered":"<p data-start=\"705\" data-end=\"790\">Am Sonntag gewann der FC Basel das grosse Derby des Schweizer Fussballs gegen Z\u00fcrich.<\/p>\n<p data-start=\"792\" data-end=\"880\">Doch der amtierende Schweizer Meister trennte sich am Montag von Trainer Ludovic Magnin.<\/p>\n<p data-start=\"882\" data-end=\"987\">Er stand nur sechs Monate an der Spitze der Mannschaft und wurde wegen ausbleibender Resultate entlassen.<\/p>\n<p data-start=\"989\" data-end=\"1171\">Der FC Basel belegt den vierten Platz in der Schweizer Super League und liegt zehn Punkte hinter Tabellenf\u00fchrer Thun. Die Klubf\u00fchrung entschied sich deshalb f\u00fcr einen Trainerwechsel.<\/p>\n<p data-start=\"1173\" data-end=\"1278\">Xherdan Shaqiri gl\u00e4nzte beim 4:3 Sieg gegen Z\u00fcrich. Er erzielte einen Hattrick und bereitete ein Tor vor.<\/p>\n<p data-start=\"1280\" data-end=\"1401\" data-is-last-node=\"\" data-is-only-node=\"\">Der FC Basel begr\u00fcndete die Entlassung von Magnin mit einem &#8221; mangelnden sportlichen Fortschritt &#8220;, berichtet albinfo.ch.<\/p>\n","protected":false},"excerpt":{"rendered":"<p>Der FC Basel liegt in der Schweizer Super League auf dem vierten Platz, zehn Punkte hinter dem Tabellenf\u00fchrer Thun.<\/p>\n","protected":false},"author":6,"featured_media":895615,"comment_status":"closed","ping_status":"closed","sticky":false,"template":"","format":"standard","meta":{"footnotes":""},"categories":[4023,1139],"tags":[],"vendi":[],"content_country":[],"class_list":["post-895686","post","type-post","status-publish","format-standard","has-post-thumbnail","hentry","category-futboll-de","category-sport"],"acf":[],"_links":{"self":[{"href":"https:\/\/www.albinfo.at\/de\/wp-json\/wp\/v2\/posts\/895686","targetHints":{"allow":["GET"]}}],"collection":[{"href":"https:\/\/www.albinfo.at\/de\/wp-json\/wp\/v2\/posts"}],"about":[{"href":"https:\/\/www.albinfo.at\/de\/wp-json\/wp\/v2\/types\/post"}],"author":[{"embeddable":true,"href":"https:\/\/www.albinfo.at\/de\/wp-json\/wp\/v2\/users\/6"}],"replies":[{"embeddable":true,"href":"https:\/\/www.albinfo.at\/de\/wp-json\/wp\/v2\/comments?post=895686"}],"version-history":[{"count":1,"href":"https:\/\/www.albinfo.at\/de\/wp-json\/wp\/v2\/posts\/895686\/revisions"}],"predecessor-version":[{"id":895687,"href":"https:\/\/www.albinfo.at\/de\/wp-json\/wp\/v2\/posts\/895686\/revisions\/895687"}],"wp:featuredmedia":[{"embeddable":true,"href":"https:\/\/www.albinfo.at\/de\/wp-json\/wp\/v2\/media\/895615"}],"wp:attachment":[{"href":"https:\/\/www.albinfo.at\/de\/wp-json\/wp\/v2\/media?parent=895686"}],"wp:term":[{"taxonomy":"category","embeddable":true,"href":"https:\/\/www.albinfo.at\/de\/wp-json\/wp\/v2\/categories?post=895686"},{"taxonomy":"post_tag","embeddable":true,"href":"https:\/\/www.albinfo.at\/de\/wp-json\/wp\/v2\/tags?post=895686"},{"taxonomy":"vendi","embeddable":true,"href":"https:\/\/www.albinfo.at\/de\/wp-json\/wp\/v2\/vendi?post=895686"},{"taxonomy":"content_country","embeddable":true,"href":"https:\/\/www.albinfo.at\/de\/wp-json\/wp\/v2\/content_country?post=895686"}],"curies":[{"name":"wp","href":"https:\/\/api.w.org\/{rel}","templated":true}]}}