{"id":895667,"date":"2026-01-26T12:37:18","date_gmt":"2026-01-26T11:37:18","guid":{"rendered":"https:\/\/www.albinfo.ch\/?p=895667"},"modified":"2026-01-26T19:40:51","modified_gmt":"2026-01-26T18:40:51","slug":"hoechstnote-fuer-xherdan-shaqiri","status":"publish","type":"post","link":"https:\/\/www.albinfo.at\/de\/hoechstnote-fuer-xherdan-shaqiri\/","title":{"rendered":"H\u00f6chstnote f\u00fcr Xherdan Shaqiri"},"content":{"rendered":"<p data-start=\"602\" data-end=\"747\">Xherdan Shaqiri war \u00fcberragend. Der schweizerische Fussballer mit albanischen Wurzeln erzielte drei Treffer beim 3:4 Sieg von Basel gegen Z\u00fcrich.<\/p>\n<p data-start=\"749\" data-end=\"991\">Zun\u00e4chst verwertete er in der 11. Minute eine Vorlage von Oteles zum F\u00fchrungstor. Kurz vor der Pause schn\u00fcrte Shaqiri seinen Doppelpack. In der Schlussphase der Partie erzielte der 34-J\u00e4hrige auch seinen dritten Treffer, berichtet albinfo.ch.<\/p>\n<p data-start=\"993\" data-end=\"1162\" data-is-last-node=\"\" data-is-only-node=\"\">Eine Bewertung seiner Leistung durfte nicht fehlen. Seine Performance wurde mit der H\u00f6chstnote 10.00 bewertet. In 21 Spielen kommt der Spieler auf 9 Tore und 10 Assists<\/p>\n<p><a href=\"https:\/\/rumble.com\/v74ubny-shaqiri-hatrick.html\">https:\/\/rumble.com\/v74ubny-shaqiri-hatrick.html<\/a><\/p>\n<p>&nbsp;<\/p>\n<p>&nbsp;<\/p>\n","protected":false},"excerpt":{"rendered":"<p>Eine Bewertung f\u00fcr seine Leistung durfte nicht fehlen. Seine Performance wurde mit der H\u00f6chstnote 10.00 bewertet<\/p>\n","protected":false},"author":6,"featured_media":823940,"comment_status":"closed","ping_status":"closed","sticky":false,"template":"","format":"standard","meta":{"footnotes":""},"categories":[4023,1139],"tags":[],"vendi":[],"content_country":[],"class_list":["post-895667","post","type-post","status-publish","format-standard","has-post-thumbnail","hentry","category-futboll-de","category-sport"],"acf":[],"_links":{"self":[{"href":"https:\/\/www.albinfo.at\/de\/wp-json\/wp\/v2\/posts\/895667","targetHints":{"allow":["GET"]}}],"collection":[{"href":"https:\/\/www.albinfo.at\/de\/wp-json\/wp\/v2\/posts"}],"about":[{"href":"https:\/\/www.albinfo.at\/de\/wp-json\/wp\/v2\/types\/post"}],"author":[{"embeddable":true,"href":"https:\/\/www.albinfo.at\/de\/wp-json\/wp\/v2\/users\/6"}],"replies":[{"embeddable":true,"href":"https:\/\/www.albinfo.at\/de\/wp-json\/wp\/v2\/comments?post=895667"}],"version-history":[{"count":1,"href":"https:\/\/www.albinfo.at\/de\/wp-json\/wp\/v2\/posts\/895667\/revisions"}],"predecessor-version":[{"id":895668,"href":"https:\/\/www.albinfo.at\/de\/wp-json\/wp\/v2\/posts\/895667\/revisions\/895668"}],"wp:featuredmedia":[{"embeddable":true,"href":"https:\/\/www.albinfo.at\/de\/wp-json\/wp\/v2\/media\/823940"}],"wp:attachment":[{"href":"https:\/\/www.albinfo.at\/de\/wp-json\/wp\/v2\/media?parent=895667"}],"wp:term":[{"taxonomy":"category","embeddable":true,"href":"https:\/\/www.albinfo.at\/de\/wp-json\/wp\/v2\/categories?post=895667"},{"taxonomy":"post_tag","embeddable":true,"href":"https:\/\/www.albinfo.at\/de\/wp-json\/wp\/v2\/tags?post=895667"},{"taxonomy":"vendi","embeddable":true,"href":"https:\/\/www.albinfo.at\/de\/wp-json\/wp\/v2\/vendi?post=895667"},{"taxonomy":"content_country","embeddable":true,"href":"https:\/\/www.albinfo.at\/de\/wp-json\/wp\/v2\/content_country?post=895667"}],"curies":[{"name":"wp","href":"https:\/\/api.w.org\/{rel}","templated":true}]}}