{"id":895071,"date":"2026-01-23T17:13:08","date_gmt":"2026-01-23T16:13:08","guid":{"rendered":"https:\/\/www.albinfo.ch\/?p=895071"},"modified":"2026-01-24T01:09:18","modified_gmt":"2026-01-24T00:09:18","slug":"rinesa-salijaj-aus-istog-kandidiert-fuer-die-gemeinderatsversammlung-in-st-poelten-oesterreich","status":"publish","type":"post","link":"https:\/\/www.albinfo.at\/de\/rinesa-salijaj-aus-istog-kandidiert-fuer-die-gemeinderatsversammlung-in-st-poelten-oesterreich\/","title":{"rendered":"Rinesa Salijaj aus Istog kandidiert f\u00fcr die Gemeinderatsversammlung in St. P\u00f6lten, \u00d6sterreich"},"content":{"rendered":"<div class=\"flex flex-col text-sm pb-25\">\n<article class=\"text-token-text-primary w-full focus:outline-none [--shadow-height:45px] has-data-writing-block:pointer-events-none has-data-writing-block:-mt-(--shadow-height) has-data-writing-block:pt-(--shadow-height) [&amp;:has([data-writing-block])&gt;*]:pointer-events-auto scroll-mt-[calc(var(--header-height)+min(200px,max(70px,20svh)))]\" dir=\"auto\" tabindex=\"-1\" data-turn-id=\"request-696c1236-3b2c-8330-a543-a5c4ea3b6935-97\" data-testid=\"conversation-turn-262\" data-scroll-anchor=\"true\" data-turn=\"assistant\">\n<div class=\"text-base my-auto mx-auto pb-10 [--thread-content-margin:--spacing(4)] @w-sm\/main:[--thread-content-margin:--spacing(6)] @w-lg\/main:[--thread-content-margin:--spacing(16)] px-(--thread-content-margin)\">\n<div class=\"[--thread-content-max-width:40rem] @w-lg\/main:[--thread-content-max-width:48rem] mx-auto max-w-(--thread-content-max-width) flex-1 group\/turn-messages focus-visible:outline-hidden relative flex w-full min-w-0 flex-col agent-turn\" tabindex=\"-1\">\n<div class=\"flex max-w-full flex-col grow\">\n<div class=\"min-h-8 text-message relative flex w-full flex-col items-end gap-2 text-start break-words whitespace-normal [.text-message+&amp;]:mt-1\" dir=\"auto\" data-message-author-role=\"assistant\" data-message-id=\"e87bb10c-0459-48c5-8f14-ff75d7836d42\" data-message-model-slug=\"gpt-5-2\">\n<div class=\"flex w-full flex-col gap-1 empty:hidden first:pt-[1px]\">\n<div class=\"markdown prose dark:prose-invert w-full break-words light markdown-new-styling\">\n<p data-start=\"1049\" data-end=\"1404\">Am 25. Januar finden die Wahlen f\u00fcr den Gemeinderat von St. P\u00f6lten statt, das auch als Hauptstadt von Nieder\u00f6sterreich bekannt ist. Bei diesen Wahlen bewirbt sich auch Rinesa Salijaj um die Stimmen der W\u00e4hler. Die junge Frau mit Wurzeln in der Stadt Istog kandidiert unter der Flagge der Sozialdemokratischen Partei \u00d6sterreichs (SP\u00d6), schreibt albinfo.at.<\/p>\n<p data-start=\"1406\" data-end=\"1540\">Rinesa ist 23 Jahre alt, in St. P\u00f6lten geboren und aufgewachsen. Derzeit arbeitet sie im Gemeinderat (Magistrat) der Stadt St. P\u00f6lten.<\/p>\n<p data-start=\"1542\" data-end=\"1614\">Rinesa Salijaj kandidiert auf der Liste der SP\u00d6 und tr\u00e4gt die Nummer 24.<\/p>\n<p data-start=\"1616\" data-end=\"1678\">Ihr Wahlmotto lautet: &#8220;Die Zukunft beginnt mit deiner Stimme\u201c.<\/p>\n<p data-start=\"1680\" data-end=\"1869\">W\u00e4hlerinnen und W\u00e4hler, die Rinesa Salijaj unterst\u00fctzen m\u00f6chten, m\u00fcssen zun\u00e4chst die SP\u00d6 w\u00e4hlen und anschlie\u00dfend die Nummer 24 sowie den Namen Rinesa Salijaj anf\u00fchren, berichtet albinfo.at.<\/p>\n<p data-start=\"1871\" data-end=\"2060\" data-is-last-node=\"\" data-is-only-node=\"\">Die albanische Gemeinschaft in \u00d6sterreich, insbesondere jene in Nieder\u00f6sterreich, hat sich engagiert gezeigt, unterst\u00fctzt Rinesa \u00fcber soziale Netzwerke und ruft zur Stimmabgabe f\u00fcr sie auf.\/Albinfo.at<\/p>\n<\/div>\n<\/div>\n<\/div>\n<\/div>\n<\/div>\n<\/div>\n<\/article>\n<\/div>\n<p><img loading=\"lazy\" decoding=\"async\" class=\"alignnone wp-image-894894\" src=\"https:\/\/www.albinfo.ch\/wp-content\/uploads\/2026\/01\/att.vdorfcyfzw48esqyxgttcgouehu6wqqjrqd1uaemgam-819x1024.jpeg\" alt=\"\" width=\"500\" height=\"625\" srcset=\"https:\/\/www.albinfo.at\/wp-content\/uploads\/2026\/01\/att.vdorfcyfzw48esqyxgttcgouehu6wqqjrqd1uaemgam-819x1024.jpeg 819w, https:\/\/www.albinfo.at\/wp-content\/uploads\/2026\/01\/att.vdorfcyfzw48esqyxgttcgouehu6wqqjrqd1uaemgam-240x300.jpeg 240w, https:\/\/www.albinfo.at\/wp-content\/uploads\/2026\/01\/att.vdorfcyfzw48esqyxgttcgouehu6wqqjrqd1uaemgam-768x960.jpeg 768w, https:\/\/www.albinfo.at\/wp-content\/uploads\/2026\/01\/att.vdorfcyfzw48esqyxgttcgouehu6wqqjrqd1uaemgam-317x396.jpeg 317w, https:\/\/www.albinfo.at\/wp-content\/uploads\/2026\/01\/att.vdorfcyfzw48esqyxgttcgouehu6wqqjrqd1uaemgam-80x100.jpeg 80w, https:\/\/www.albinfo.at\/wp-content\/uploads\/2026\/01\/att.vdorfcyfzw48esqyxgttcgouehu6wqqjrqd1uaemgam-140x175.jpeg 140w, https:\/\/www.albinfo.at\/wp-content\/uploads\/2026\/01\/att.vdorfcyfzw48esqyxgttcgouehu6wqqjrqd1uaemgam.jpeg 1150w\" sizes=\"auto, (max-width: 500px) 100vw, 500px\" \/><\/p>\n","protected":false},"excerpt":{"rendered":"<p>Rinesa Salijaj tritt auf der Liste der SP\u00d6 an und tr\u00e4gt die Nummer 24 auf der Liste<\/p>\n","protected":false},"author":6,"featured_media":894929,"comment_status":"closed","ping_status":"closed","sticky":false,"template":"","format":"standard","meta":{"footnotes":""},"categories":[24636,1134,1135,22803,23120,23122,1133],"tags":[],"vendi":[],"content_country":[],"class_list":["post-895071","post","type-post","status-publish","format-standard","has-post-thumbnail","hentry","category-nachrichten-de-4","category-integration","category-frauen","category-leben-in-osterreich-de","category-nachrichten","category-kurz-at","category-e-diaspora-de"],"acf":[],"_links":{"self":[{"href":"https:\/\/www.albinfo.at\/de\/wp-json\/wp\/v2\/posts\/895071","targetHints":{"allow":["GET"]}}],"collection":[{"href":"https:\/\/www.albinfo.at\/de\/wp-json\/wp\/v2\/posts"}],"about":[{"href":"https:\/\/www.albinfo.at\/de\/wp-json\/wp\/v2\/types\/post"}],"author":[{"embeddable":true,"href":"https:\/\/www.albinfo.at\/de\/wp-json\/wp\/v2\/users\/6"}],"replies":[{"embeddable":true,"href":"https:\/\/www.albinfo.at\/de\/wp-json\/wp\/v2\/comments?post=895071"}],"version-history":[{"count":1,"href":"https:\/\/www.albinfo.at\/de\/wp-json\/wp\/v2\/posts\/895071\/revisions"}],"predecessor-version":[{"id":895072,"href":"https:\/\/www.albinfo.at\/de\/wp-json\/wp\/v2\/posts\/895071\/revisions\/895072"}],"wp:featuredmedia":[{"embeddable":true,"href":"https:\/\/www.albinfo.at\/de\/wp-json\/wp\/v2\/media\/894929"}],"wp:attachment":[{"href":"https:\/\/www.albinfo.at\/de\/wp-json\/wp\/v2\/media?parent=895071"}],"wp:term":[{"taxonomy":"category","embeddable":true,"href":"https:\/\/www.albinfo.at\/de\/wp-json\/wp\/v2\/categories?post=895071"},{"taxonomy":"post_tag","embeddable":true,"href":"https:\/\/www.albinfo.at\/de\/wp-json\/wp\/v2\/tags?post=895071"},{"taxonomy":"vendi","embeddable":true,"href":"https:\/\/www.albinfo.at\/de\/wp-json\/wp\/v2\/vendi?post=895071"},{"taxonomy":"content_country","embeddable":true,"href":"https:\/\/www.albinfo.at\/de\/wp-json\/wp\/v2\/content_country?post=895071"}],"curies":[{"name":"wp","href":"https:\/\/api.w.org\/{rel}","templated":true}]}}