{"id":883103,"date":"2025-12-12T18:30:07","date_gmt":"2025-12-12T17:30:07","guid":{"rendered":"https:\/\/www.albinfo.ch\/?p=883103"},"modified":"2025-12-13T01:18:38","modified_gmt":"2025-12-13T00:18:38","slug":"kosovo-kehrt-mit-der-house-of-kosova-2026-nach-davos-in-der-schweiz-zurueck","status":"publish","type":"post","link":"https:\/\/www.albinfo.at\/de\/kosovo-kehrt-mit-der-house-of-kosova-2026-nach-davos-in-der-schweiz-zurueck\/","title":{"rendered":"Kosovo kehrt mit der \u201cHouse of Kosova\u201d 2026 nach Davos in der Schweiz zur\u00fcck"},"content":{"rendered":"<div dir=\"auto\">\n<p data-start=\"0\" data-end=\"357\">Im Herzen von Davos in der Schweiz, wo sich jedes Jahr f\u00fchrende Pers\u00f6nlichkeiten aus aller Welt versammeln, um \u00fcber die Herausforderungen und die Zukunft der Welt zu diskutieren, wird das House of Kosova erneut als einzigartige Plattform auftreten, um das wirtschaftliche, kulturelle und diplomatische Potenzial unseres Landes zu pr\u00e4sentieren.<\/p>\n<p data-start=\"359\" data-end=\"719\">Die Regierung der Republik Kosovo hat mit den Vorbereitungen f\u00fcr das offizielle \u201cHouse of Kosova\u201d in Davos begonnen. Wie im vergangenen Jahr wird es als Ort dienen, an dem Besucher das Land in all seinen Dimensionen erleben k\u00f6nnen: die Menschen, das wirtschaftliche Potenzial, Kunst und kulturelles Erbe sowie die vielf\u00e4ltige Gastronomie, berichtet albinfo.ch.<\/p>\n<p data-start=\"721\" data-end=\"1057\">Vom 21. bis 23. Januar 2026 wird das House of Kosova Gastgeber von Panels und Diskussionen im Format Fireside Chat zu zentralen Themen wie Energie, k\u00fcnstliche Intelligenz, Digitalisierung, Geopolitik und deren wirtschaftlichen Auswirkungen sein. Im Fokus stehen auch die Chancen, die diese Bereiche f\u00fcr den Kosovo und die Region bieten.<\/p>\n<p data-start=\"1059\" data-end=\"1280\">Am Abend verwandelt sich dieser Ort in einen lebendigen Treffpunkt mit traditioneller und moderner Musik, k\u00fcnstlerischen Darbietungen und kulturellen Pr\u00e4sentationen, stets begleitet von ausgew\u00e4hlten Speisen und Getr\u00e4nken.<\/p>\n<p data-start=\"1282\" data-end=\"1603\">Kosovarische Unternehmen werden stark vertreten sein und aufzeigen, warum sich der Kosovo als einer der dynamischsten Standorte der Region f\u00fcr Investitionen, Innovation und Zusammenarbeit positioniert. Dies dank des hohen Nearshoring Potenzials, qualifizierter Ingenieurstalente und eines sehr wettbewerbsf\u00e4higen Umfelds.<\/p>\n<p data-start=\"1605\" data-end=\"1680\" data-is-last-node=\"\" data-is-only-node=\"\">Das House of Kosova befindet sich an der Adresse Gr\u00fcenistrasse 18 in Davos.<\/p>\n<\/div>\n<p>Das House of Kosova im vergangenen Jahr:<iframe loading=\"lazy\" style=\"border: none; overflow: hidden;\" src=\"https:\/\/www.facebook.com\/plugins\/video.php?height=314&amp;href=https%3A%2F%2Fwww.facebook.com%2Falbinfo.ch%2Fvideos%2F633032665869620%2F&amp;show_text=false&amp;width=560&amp;t=0\" width=\"560\" height=\"314\" frameborder=\"0\" scrolling=\"no\" allowfullscreen=\"allowfullscreen\" data-mce-fragment=\"1\"><\/iframe><\/p>\n<p>&nbsp;<\/p>\n","protected":false},"excerpt":{"rendered":"<p>Im Herzen von Davos in der Schweiz, wo sich jedes Jahr f\u00fchrende Pers\u00f6nlichkeiten aus aller Welt versammeln, um \u00fcber die Herausforderungen und die Zukunft der Welt zu diskutieren, wird das House of Kosova erneut als einzigartige Plattform auftreten, um das wirtschaftliche, kulturelle und diplomatische Potenzial unseres Landes zu pr\u00e4sentieren. Die Regierung der Republik Kosovo hat [&hellip;]<\/p>\n","protected":false},"author":6,"featured_media":882906,"comment_status":"closed","ping_status":"closed","sticky":false,"template":"","format":"standard","meta":{"footnotes":""},"categories":[33056,1188,10649,23263,1130,3952,23269,23262,24006,24621,24635,1129,1140,1412,2015],"tags":[],"vendi":[],"content_country":[],"class_list":["post-883103","post","type-post","status-publish","format-standard","has-post-thumbnail","hentry","category-de-balkani-de","category-shkurt-ch-de","category-albanien","category-kosova-de-2","category-aktuell","category-kosova-de","category-news","category-at-balkani-de","category-lajme-jeta-ne-zvicer-de","category-kosova-de-3","category-nachrichten-de-3","category-ch-balkan","category-leben-in-der-schweiz","category-newsletter-de","category-newsletter-media-de"],"acf":[],"_links":{"self":[{"href":"https:\/\/www.albinfo.at\/de\/wp-json\/wp\/v2\/posts\/883103","targetHints":{"allow":["GET"]}}],"collection":[{"href":"https:\/\/www.albinfo.at\/de\/wp-json\/wp\/v2\/posts"}],"about":[{"href":"https:\/\/www.albinfo.at\/de\/wp-json\/wp\/v2\/types\/post"}],"author":[{"embeddable":true,"href":"https:\/\/www.albinfo.at\/de\/wp-json\/wp\/v2\/users\/6"}],"replies":[{"embeddable":true,"href":"https:\/\/www.albinfo.at\/de\/wp-json\/wp\/v2\/comments?post=883103"}],"version-history":[{"count":1,"href":"https:\/\/www.albinfo.at\/de\/wp-json\/wp\/v2\/posts\/883103\/revisions"}],"predecessor-version":[{"id":883105,"href":"https:\/\/www.albinfo.at\/de\/wp-json\/wp\/v2\/posts\/883103\/revisions\/883105"}],"wp:featuredmedia":[{"embeddable":true,"href":"https:\/\/www.albinfo.at\/de\/wp-json\/wp\/v2\/media\/882906"}],"wp:attachment":[{"href":"https:\/\/www.albinfo.at\/de\/wp-json\/wp\/v2\/media?parent=883103"}],"wp:term":[{"taxonomy":"category","embeddable":true,"href":"https:\/\/www.albinfo.at\/de\/wp-json\/wp\/v2\/categories?post=883103"},{"taxonomy":"post_tag","embeddable":true,"href":"https:\/\/www.albinfo.at\/de\/wp-json\/wp\/v2\/tags?post=883103"},{"taxonomy":"vendi","embeddable":true,"href":"https:\/\/www.albinfo.at\/de\/wp-json\/wp\/v2\/vendi?post=883103"},{"taxonomy":"content_country","embeddable":true,"href":"https:\/\/www.albinfo.at\/de\/wp-json\/wp\/v2\/content_country?post=883103"}],"curies":[{"name":"wp","href":"https:\/\/api.w.org\/{rel}","templated":true}]}}