{"id":882087,"date":"2025-12-09T19:30:02","date_gmt":"2025-12-09T18:30:02","guid":{"rendered":"https:\/\/www.albinfo.ch\/?p=882087"},"modified":"2025-12-09T21:01:09","modified_gmt":"2025-12-09T20:01:09","slug":"asllani-ist-in-schweden-fuer-die-beste-mittelfeldspielerin-nominiert","status":"publish","type":"post","link":"https:\/\/www.albinfo.at\/de\/asllani-ist-in-schweden-fuer-die-beste-mittelfeldspielerin-nominiert\/","title":{"rendered":"Asllani ist in Schweden f\u00fcr die beste Mittelfeldspielerin nominiert"},"content":{"rendered":"<p class=\"p1\">Der schwedische Fu\u00dfballverband hat die Liste der Nominierten f\u00fcr die Auszeichnungen der besten Spieler des Jahres 2025 im schwedischen Fu\u00dfball ver\u00f6ffentlicht, in der auch die Spielerin albanischer Herkunft Kosovare Asllani vertreten ist, berichtet albinfo.ch.<br data-start=\"940\" data-end=\"943\" \/>Asllani ist in der Kategorie beste Mittelfeldspielerin nominiert, was ihre starke Form auf der internationalen B\u00fchne erneut best\u00e4tigt.<br data-start=\"1077\" data-end=\"1080\" \/>Der schwedische Fu\u00dfballstar ist Kapit\u00e4nin der schwedischen Nationalmannschaft und geh\u00f6rt zudem zu den pr\u00e4genden Figuren des englischen Clubs London City Lionesses, wo sie w\u00e4hrend der Saison einen wichtigen Beitrag geleistet hat.<br data-start=\"1308\" data-end=\"1311\" \/>Die Gewinner der Auszeichnungen sollen sp\u00e4ter in diesem Monat bekanntgegeben werden.<\/p>\n","protected":false},"excerpt":{"rendered":"<p>Kosovare Asllani ist in Schweden f\u00fcr den Preis der besten Mittelfeldspielerin nominiert<\/p>\n","protected":false},"author":6,"featured_media":846597,"comment_status":"closed","ping_status":"closed","sticky":false,"template":"","format":"standard","meta":{"footnotes":""},"categories":[4023,24631,1139],"tags":[],"vendi":[],"content_country":[],"class_list":["post-882087","post","type-post","status-publish","format-standard","has-post-thumbnail","hentry","category-futboll-de","category-nachrichten-de-2","category-sport"],"acf":[],"_links":{"self":[{"href":"https:\/\/www.albinfo.at\/de\/wp-json\/wp\/v2\/posts\/882087","targetHints":{"allow":["GET"]}}],"collection":[{"href":"https:\/\/www.albinfo.at\/de\/wp-json\/wp\/v2\/posts"}],"about":[{"href":"https:\/\/www.albinfo.at\/de\/wp-json\/wp\/v2\/types\/post"}],"author":[{"embeddable":true,"href":"https:\/\/www.albinfo.at\/de\/wp-json\/wp\/v2\/users\/6"}],"replies":[{"embeddable":true,"href":"https:\/\/www.albinfo.at\/de\/wp-json\/wp\/v2\/comments?post=882087"}],"version-history":[{"count":1,"href":"https:\/\/www.albinfo.at\/de\/wp-json\/wp\/v2\/posts\/882087\/revisions"}],"predecessor-version":[{"id":882088,"href":"https:\/\/www.albinfo.at\/de\/wp-json\/wp\/v2\/posts\/882087\/revisions\/882088"}],"wp:featuredmedia":[{"embeddable":true,"href":"https:\/\/www.albinfo.at\/de\/wp-json\/wp\/v2\/media\/846597"}],"wp:attachment":[{"href":"https:\/\/www.albinfo.at\/de\/wp-json\/wp\/v2\/media?parent=882087"}],"wp:term":[{"taxonomy":"category","embeddable":true,"href":"https:\/\/www.albinfo.at\/de\/wp-json\/wp\/v2\/categories?post=882087"},{"taxonomy":"post_tag","embeddable":true,"href":"https:\/\/www.albinfo.at\/de\/wp-json\/wp\/v2\/tags?post=882087"},{"taxonomy":"vendi","embeddable":true,"href":"https:\/\/www.albinfo.at\/de\/wp-json\/wp\/v2\/vendi?post=882087"},{"taxonomy":"content_country","embeddable":true,"href":"https:\/\/www.albinfo.at\/de\/wp-json\/wp\/v2\/content_country?post=882087"}],"curies":[{"name":"wp","href":"https:\/\/api.w.org\/{rel}","templated":true}]}}