{"id":881067,"date":"2025-12-08T18:45:56","date_gmt":"2025-12-08T17:45:56","guid":{"rendered":"https:\/\/www.albinfo.ch\/?p=881067"},"modified":"2025-12-09T00:18:33","modified_gmt":"2025-12-08T23:18:33","slug":"der-kosovo-wird-von-der-europaeischen-union-offiziell-als-sicheres-asylland-eingestuft","status":"publish","type":"post","link":"https:\/\/www.albinfo.at\/de\/der-kosovo-wird-von-der-europaeischen-union-offiziell-als-sicheres-asylland-eingestuft\/","title":{"rendered":"Der Kosovo wird von der Europ\u00e4ischen Union offiziell als sicheres Asylland eingestuft"},"content":{"rendered":"<p data-start=\"2086\" data-end=\"2202\">Die Europ\u00e4ische Union hat den Kosovo und sieben weitere L\u00e4nder als &#8220;sicher &#8220;f\u00fcr Asyl eingestuft.<\/p>\n<p data-start=\"2204\" data-end=\"2433\">Es wird bekannt gegeben, dass der Rat sich auf seine Position zu zwei Teilen der EU Gesetzgebung geeinigt hat, die die praktische Anwendung der wichtigsten Konzepte des sicheren Herkunftslandes im Asylrecht der EU st\u00e4rken sollen.<\/p>\n<p data-start=\"2435\" data-end=\"2615\">Laut der Mitteilung sollen diese neuen EU Migrationsgesetze schnellere und effizientere Asylverfahren f\u00fcr Personen erm\u00f6glichen, die keinen Schutz innerhalb der EU erhalten sollten.<\/p>\n<p data-start=\"2617\" data-end=\"2981\">Der d\u00e4nische Minister f\u00fcr Einwanderung und Integration, Rasmus Stoklund, erkl\u00e4rte, er freue sich, dass man sich auf einen gemeinsamen Ansatz zur \u00dcberarbeitung des Konzepts des &#8220;sicheren Drittstaates &#8220;geeinigt habe, was es den Mitgliedstaaten erm\u00f6glicht, Vereinbarungen mit sicheren Drittstaaten \u00fcber die Bearbeitung von Asylantr\u00e4gen au\u00dferhalb Europas zu treffen.<\/p>\n<p data-start=\"2983\" data-end=\"3368\">Nach der Entscheidung des Rates wird der Kosovo als sicheres Herkunftsland eingestuft. Das bedeutet, dass Asylantr\u00e4ge von kosovarischen Staatsb\u00fcrgern im beschleunigten Verfahren behandelt werden k\u00f6nnen. Die Einstufung des Kosovo basiert auf der Einsch\u00e4tzung, dass das Land ausreichenden Schutz vor Verfolgung und schweren Verletzungen grundlegender Rechte bietet, berichtet albinfo.ch.<\/p>\n<p data-start=\"3370\" data-end=\"3550\">Dies bedeutet jedoch nicht, dass jeder Asylantrag aus dem Kosovo automatisch abgelehnt wird. Jeder individuelle Antrag kann gepr\u00fcft werden, wenn spezifische Schutzgr\u00fcnde vorliegen.<\/p>\n<p data-start=\"3552\" data-end=\"3767\">In der Mitteilung wird klargestellt, dass die neue Verordnung, welche das Konzept des sicheren Drittstaates \u00fcberarbeitet, die Umst\u00e4nde erweitern wird, unter denen ein Asylantrag als unzul\u00e4ssig abgelehnt werden kann.<\/p>\n<p data-start=\"3769\" data-end=\"3956\" data-is-last-node=\"\" data-is-only-node=\"\">Neben dem Kosovo hat der Rat beschlossen, dass auch folgende L\u00e4nder auf EU Ebene als sichere Herkunftsstaaten gelten sollen: Bangladesch, Kolumbien, \u00c4gypten, Indien, Marokko und Tunesien.<\/p>\n","protected":false},"excerpt":{"rendered":"<p>Die Europ\u00e4ische Union hat den Kosovo und sieben weitere L\u00e4nder als &#8220;sicher &#8220;f\u00fcr Asyl eingestuft. Es wird bekannt gegeben, dass der Rat sich auf seine Position zu zwei Teilen der EU Gesetzgebung geeinigt hat, die die praktische Anwendung der wichtigsten Konzepte des sicheren Herkunftslandes im Asylrecht der EU st\u00e4rken sollen. Laut der Mitteilung sollen diese [&hellip;]<\/p>\n","protected":false},"author":6,"featured_media":806992,"comment_status":"closed","ping_status":"closed","sticky":false,"template":"","format":"standard","meta":{"footnotes":""},"categories":[33056,23263,3952,23269,23262,24621,1129],"tags":[],"vendi":[],"content_country":[],"class_list":["post-881067","post","type-post","status-publish","format-standard","has-post-thumbnail","hentry","category-de-balkani-de","category-kosova-de-2","category-kosova-de","category-news","category-at-balkani-de","category-kosova-de-3","category-ch-balkan"],"acf":[],"_links":{"self":[{"href":"https:\/\/www.albinfo.at\/de\/wp-json\/wp\/v2\/posts\/881067","targetHints":{"allow":["GET"]}}],"collection":[{"href":"https:\/\/www.albinfo.at\/de\/wp-json\/wp\/v2\/posts"}],"about":[{"href":"https:\/\/www.albinfo.at\/de\/wp-json\/wp\/v2\/types\/post"}],"author":[{"embeddable":true,"href":"https:\/\/www.albinfo.at\/de\/wp-json\/wp\/v2\/users\/6"}],"replies":[{"embeddable":true,"href":"https:\/\/www.albinfo.at\/de\/wp-json\/wp\/v2\/comments?post=881067"}],"version-history":[{"count":1,"href":"https:\/\/www.albinfo.at\/de\/wp-json\/wp\/v2\/posts\/881067\/revisions"}],"predecessor-version":[{"id":881068,"href":"https:\/\/www.albinfo.at\/de\/wp-json\/wp\/v2\/posts\/881067\/revisions\/881068"}],"wp:featuredmedia":[{"embeddable":true,"href":"https:\/\/www.albinfo.at\/de\/wp-json\/wp\/v2\/media\/806992"}],"wp:attachment":[{"href":"https:\/\/www.albinfo.at\/de\/wp-json\/wp\/v2\/media?parent=881067"}],"wp:term":[{"taxonomy":"category","embeddable":true,"href":"https:\/\/www.albinfo.at\/de\/wp-json\/wp\/v2\/categories?post=881067"},{"taxonomy":"post_tag","embeddable":true,"href":"https:\/\/www.albinfo.at\/de\/wp-json\/wp\/v2\/tags?post=881067"},{"taxonomy":"vendi","embeddable":true,"href":"https:\/\/www.albinfo.at\/de\/wp-json\/wp\/v2\/vendi?post=881067"},{"taxonomy":"content_country","embeddable":true,"href":"https:\/\/www.albinfo.at\/de\/wp-json\/wp\/v2\/content_country?post=881067"}],"curies":[{"name":"wp","href":"https:\/\/api.w.org\/{rel}","templated":true}]}}