{"id":880457,"date":"2025-12-05T17:42:04","date_gmt":"2025-12-05T16:42:04","guid":{"rendered":"https:\/\/www.albinfo.ch\/?p=880457"},"modified":"2025-12-05T22:47:18","modified_gmt":"2025-12-05T21:47:18","slug":"rita-ora-brachte-die-buehne-in-paznaun-ischgl-in-oesterreich-zum-leuchten","status":"publish","type":"post","link":"https:\/\/www.albinfo.at\/de\/rita-ora-brachte-die-buehne-in-paznaun-ischgl-in-oesterreich-zum-leuchten\/","title":{"rendered":"Rita Ora brachte die B\u00fchne in Paznaun Ischgl in \u00d6sterreich zum Leuchten"},"content":{"rendered":"<p class=\"p1\">Rita Ora trat bei einer der gr\u00f6\u00dften Veranstaltungen der Saison in Paznaun Ischgl in \u00d6sterreich auf und schenkte ihren Fans einen unvergesslichen Abend, berichtet albinfo.at.<br data-start=\"836\" data-end=\"839\" \/>An einem der bekanntesten Unterhaltungsorte pr\u00e4sentierte sie ihre gr\u00f6\u00dften Hits, wie IndeksOnline berichtet. Die Atmosph\u00e4re war elektrisierend, die gro\u00dfe Menge an Fans nahm ihre Energie begeistert auf, sang mit und bewegte sich im Rhythmus der Musik.<br data-start=\"1088\" data-end=\"1091\" \/>Ihre Fans hielten nicht inne, viele trugen Plakate und Fahnen in den H\u00e4nden und unterst\u00fctzten die albanische S\u00e4ngerin, die die internationalen B\u00fchnen erobert. \/Albinfo.at<\/p>\n<p class=\"p1\"><span class=\"s1\"><a href=\"https:\/\/www.instagram.com\/reel\/DOaZ5txjIy7\/?igsh=MTZ0cGtxZmpkdmZkOQ==\">https:\/\/www.instagram.com\/reel\/DOaZ5txjIy7\/?igsh=MTZ0cGtxZmpkdmZkOQ==<\/a><\/span><\/p>\n","protected":false},"excerpt":{"rendered":"<p>Der albanische Star tritt bei einer der gr\u00f6\u00dften Veranstaltungen der Saison in \u00d6sterreich auf<\/p>\n","protected":false},"author":6,"featured_media":879500,"comment_status":"closed","ping_status":"closed","sticky":false,"template":"","format":"standard","meta":{"footnotes":""},"categories":[34924,22803,23120,1138],"tags":[],"vendi":[],"content_country":[],"class_list":["post-880457","post","type-post","status-publish","format-standard","has-post-thumbnail","hentry","category-musik-2","category-leben-in-osterreich-de","category-nachrichten","category-kultur"],"acf":[],"_links":{"self":[{"href":"https:\/\/www.albinfo.at\/de\/wp-json\/wp\/v2\/posts\/880457","targetHints":{"allow":["GET"]}}],"collection":[{"href":"https:\/\/www.albinfo.at\/de\/wp-json\/wp\/v2\/posts"}],"about":[{"href":"https:\/\/www.albinfo.at\/de\/wp-json\/wp\/v2\/types\/post"}],"author":[{"embeddable":true,"href":"https:\/\/www.albinfo.at\/de\/wp-json\/wp\/v2\/users\/6"}],"replies":[{"embeddable":true,"href":"https:\/\/www.albinfo.at\/de\/wp-json\/wp\/v2\/comments?post=880457"}],"version-history":[{"count":1,"href":"https:\/\/www.albinfo.at\/de\/wp-json\/wp\/v2\/posts\/880457\/revisions"}],"predecessor-version":[{"id":880459,"href":"https:\/\/www.albinfo.at\/de\/wp-json\/wp\/v2\/posts\/880457\/revisions\/880459"}],"wp:featuredmedia":[{"embeddable":true,"href":"https:\/\/www.albinfo.at\/de\/wp-json\/wp\/v2\/media\/879500"}],"wp:attachment":[{"href":"https:\/\/www.albinfo.at\/de\/wp-json\/wp\/v2\/media?parent=880457"}],"wp:term":[{"taxonomy":"category","embeddable":true,"href":"https:\/\/www.albinfo.at\/de\/wp-json\/wp\/v2\/categories?post=880457"},{"taxonomy":"post_tag","embeddable":true,"href":"https:\/\/www.albinfo.at\/de\/wp-json\/wp\/v2\/tags?post=880457"},{"taxonomy":"vendi","embeddable":true,"href":"https:\/\/www.albinfo.at\/de\/wp-json\/wp\/v2\/vendi?post=880457"},{"taxonomy":"content_country","embeddable":true,"href":"https:\/\/www.albinfo.at\/de\/wp-json\/wp\/v2\/content_country?post=880457"}],"curies":[{"name":"wp","href":"https:\/\/api.w.org\/{rel}","templated":true}]}}