{"id":880077,"date":"2025-12-04T17:53:10","date_gmt":"2025-12-04T16:53:10","guid":{"rendered":"https:\/\/www.albinfo.ch\/?p=880077"},"modified":"2025-12-05T09:05:19","modified_gmt":"2025-12-05T08:05:19","slug":"rita-ora-glaenzt-bei-den-british-fashion-awards-mit-einem-atemberaubenden-auftritt","status":"publish","type":"post","link":"https:\/\/www.albinfo.at\/de\/rita-ora-glaenzt-bei-den-british-fashion-awards-mit-einem-atemberaubenden-auftritt\/","title":{"rendered":"Rita Ora gl\u00e4nzt bei den British Fashion Awards mit einem atemberaubenden Auftritt"},"content":{"rendered":"<p data-start=\"1743\" data-end=\"2134\">Rita Ora geh\u00f6rte am Montagabend zu den meistdiskutierten Namen auf dem blauen Teppich der Fashion Awards und zog mit ihrem beeindruckenden Auftritt die Aufmerksamkeit aller auf sich. Die S\u00e4ngerin erschien in einem besonders gewagten silbernen Kleid, das ihre eleganten Linien betonte und einen tiefen Ausschnitt hatte, was dem Look eine starke dramatische Note verlieh, berichtet albinfo.ch.<\/p>\n<p data-start=\"2136\" data-end=\"2380\">Mit einem modernen und selbstbewussten Stil vervollst\u00e4ndigte Rita ihren Auftritt mit nach hinten gesteckten Haaren und einem sorgf\u00e4ltig gestalteten Make-up von Charlotte Tilbury, w\u00e4hrend sie vor den Fotografen in der Royal Albert Hall posierte.<\/p>\n<p data-start=\"2382\" data-end=\"2534\">In diesem Jahr wurde die Zeremonie vom Schauspieler Colman Domingo moderiert, der der Tradition des Events mit einem Outfit von Burberry Respekt zollte.<\/p>\n<p data-start=\"2536\" data-end=\"3010\">Die British Fashion Awards z\u00e4hlen weiterhin zu den prestigetr\u00e4chtigsten Abenden der Modebranche, bei denen die gr\u00f6\u00dften Talente geehrt werden, von jungen Designern bis hin zu internationalen Ikonen. Die 1989 gegr\u00fcndete Veranstaltung \u00e4nderte 2016 ihren Namen, um ihre globale Ausrichtung widerzuspiegeln. Im Laufe der Jahre fand sie in einigen der ber\u00fchmtesten Orte Londons statt, darunter die Royal Albert Hall, das Naturhistorische Museum und das Victoria and Albert Museum.<\/p>\n<p data-start=\"3012\" data-end=\"3198\">Von Prinzessin Diana \u00fcber die Spice Girls bis hin zu Vivienne Westwood und Karl Lagerfeld hat der Teppich dieses Events Pers\u00f6nlichkeiten empfangen, die Mode und Weltkultur gepr\u00e4gt haben.\/Albinfo.ch.<\/p>\n<p><img loading=\"lazy\" decoding=\"async\" class=\"alignnone wp-image-879482\" src=\"https:\/\/www.albinfo.ch\/wp-content\/uploads\/2025\/12\/img_4522.jpeg\" alt=\"\" width=\"500\" height=\"750\" srcset=\"https:\/\/www.albinfo.at\/wp-content\/uploads\/2025\/12\/img_4522.jpeg 634w, https:\/\/www.albinfo.at\/wp-content\/uploads\/2025\/12\/img_4522-200x300.jpeg 200w, https:\/\/www.albinfo.at\/wp-content\/uploads\/2025\/12\/img_4522-264x396.jpeg 264w, https:\/\/www.albinfo.at\/wp-content\/uploads\/2025\/12\/img_4522-67x100.jpeg 67w, https:\/\/www.albinfo.at\/wp-content\/uploads\/2025\/12\/img_4522-117x175.jpeg 117w\" sizes=\"auto, (max-width: 500px) 100vw, 500px\" \/> <img loading=\"lazy\" decoding=\"async\" class=\"alignnone wp-image-879485\" src=\"https:\/\/www.albinfo.ch\/wp-content\/uploads\/2025\/12\/img_4523.jpeg\" alt=\"\" width=\"500\" height=\"698\" srcset=\"https:\/\/www.albinfo.at\/wp-content\/uploads\/2025\/12\/img_4523.jpeg 634w, https:\/\/www.albinfo.at\/wp-content\/uploads\/2025\/12\/img_4523-215x300.jpeg 215w, https:\/\/www.albinfo.at\/wp-content\/uploads\/2025\/12\/img_4523-284x396.jpeg 284w, https:\/\/www.albinfo.at\/wp-content\/uploads\/2025\/12\/img_4523-72x100.jpeg 72w, https:\/\/www.albinfo.at\/wp-content\/uploads\/2025\/12\/img_4523-125x175.jpeg 125w\" sizes=\"auto, (max-width: 500px) 100vw, 500px\" \/><\/p>\n","protected":false},"excerpt":{"rendered":"<p>Rita Ora \u201cerobert\u201d die Fashion Awards 2025 mit ihrem Stil<\/p>\n","protected":false},"author":6,"featured_media":879481,"comment_status":"closed","ping_status":"closed","sticky":false,"template":"","format":"standard","meta":{"footnotes":""},"categories":[34924,24673,1110],"tags":[],"vendi":[],"content_country":[],"class_list":["post-880077","post","type-post","status-publish","format-standard","has-post-thumbnail","hentry","category-musik-2","category-lifestyle-de","category-unkategorisiert"],"acf":[],"_links":{"self":[{"href":"https:\/\/www.albinfo.at\/de\/wp-json\/wp\/v2\/posts\/880077","targetHints":{"allow":["GET"]}}],"collection":[{"href":"https:\/\/www.albinfo.at\/de\/wp-json\/wp\/v2\/posts"}],"about":[{"href":"https:\/\/www.albinfo.at\/de\/wp-json\/wp\/v2\/types\/post"}],"author":[{"embeddable":true,"href":"https:\/\/www.albinfo.at\/de\/wp-json\/wp\/v2\/users\/6"}],"replies":[{"embeddable":true,"href":"https:\/\/www.albinfo.at\/de\/wp-json\/wp\/v2\/comments?post=880077"}],"version-history":[{"count":1,"href":"https:\/\/www.albinfo.at\/de\/wp-json\/wp\/v2\/posts\/880077\/revisions"}],"predecessor-version":[{"id":880078,"href":"https:\/\/www.albinfo.at\/de\/wp-json\/wp\/v2\/posts\/880077\/revisions\/880078"}],"wp:featuredmedia":[{"embeddable":true,"href":"https:\/\/www.albinfo.at\/de\/wp-json\/wp\/v2\/media\/879481"}],"wp:attachment":[{"href":"https:\/\/www.albinfo.at\/de\/wp-json\/wp\/v2\/media?parent=880077"}],"wp:term":[{"taxonomy":"category","embeddable":true,"href":"https:\/\/www.albinfo.at\/de\/wp-json\/wp\/v2\/categories?post=880077"},{"taxonomy":"post_tag","embeddable":true,"href":"https:\/\/www.albinfo.at\/de\/wp-json\/wp\/v2\/tags?post=880077"},{"taxonomy":"vendi","embeddable":true,"href":"https:\/\/www.albinfo.at\/de\/wp-json\/wp\/v2\/vendi?post=880077"},{"taxonomy":"content_country","embeddable":true,"href":"https:\/\/www.albinfo.at\/de\/wp-json\/wp\/v2\/content_country?post=880077"}],"curies":[{"name":"wp","href":"https:\/\/api.w.org\/{rel}","templated":true}]}}