{"id":879787,"date":"2025-12-03T20:37:59","date_gmt":"2025-12-03T19:37:59","guid":{"rendered":"https:\/\/www.albinfo.ch\/?p=879787"},"modified":"2025-12-04T00:40:48","modified_gmt":"2025-12-03T23:40:48","slug":"elmonda-bajraliu-ich-moechte-der-jungen-generation-eine-stimme-geben","status":"publish","type":"post","link":"https:\/\/www.albinfo.at\/de\/elmonda-bajraliu-ich-moechte-der-jungen-generation-eine-stimme-geben\/","title":{"rendered":"Elmonda Bajraliu: \u201cIch m\u00f6chte der jungen Generation eine Stimme geben\u201c"},"content":{"rendered":"<p data-start=\"1145\" data-end=\"1800\">In der Lokalpolitik von Winterthur tritt eine neue Generation von Stimmen, Energien und Perspektiven hervor. Unter ihnen steht Elmonda Bajraliu, ein Name, der immer st\u00e4rker mit B\u00fcrgerbeteiligung und der Vertretung junger Menschen verbunden wird. In Winterthur geboren und aufgewachsen, ist sie zwischen zwei Kulturen, zwei Sprachen und zwei Welten gro\u00df geworden und hat diese Erfahrung in eine St\u00e4rke verwandelt. F\u00fcr Elmonda Bajraliu ist Politik keine Theorie, sondern etwas, das das Leben aller ber\u00fchrt. Deshalb entscheidet sie sich, dort anzusetzen, wo alles beginnt: in der Bildung, bei gleichen Chancen und bei der Einbindung in Entscheidungsprozesse.<\/p>\n<p data-start=\"1802\" data-end=\"2087\">In diesem Interview f\u00fcr albinfo.ch spricht sie \u00fcber ihre Wurzeln, ihre Ambitionen und ihre \u00dcberzeugung, dass die Politik den jungen Menschen besser zuh\u00f6ren muss\u00a0 nicht um ihnen einen symbolischen Platz zu geben, sondern um ihnen echten Raum f\u00fcr Einfluss und Verantwortung zu schaffen.<\/p>\n<p data-start=\"2089\" data-end=\"2243\" data-is-last-node=\"\" data-is-only-node=\"\"><strong>albinfo.ch:<\/strong> Zum Einstieg, k\u00f6nnten Sie sich kurz vorstellen? Wer ist Elmonda Bajraliu\u00a0 wie beschreiben Sie sich selbst jenseits von Titeln und Funktionen?<\/p>\n<p><strong><a href=\"https:\/\/www.albinfo.ch\/wp-content\/uploads\/2025\/12\/elmonda-bajraliu.jpg\"><img loading=\"lazy\" decoding=\"async\" class=\"alignnone wp-image-879602\" src=\"https:\/\/www.albinfo.ch\/wp-content\/uploads\/2025\/12\/elmonda-bajraliu-1024x1024.jpg\" alt=\"\" width=\"600\" height=\"600\" srcset=\"https:\/\/www.albinfo.at\/wp-content\/uploads\/2025\/12\/elmonda-bajraliu-1024x1024.jpg 1024w, https:\/\/www.albinfo.at\/wp-content\/uploads\/2025\/12\/elmonda-bajraliu-300x300.jpg 300w, https:\/\/www.albinfo.at\/wp-content\/uploads\/2025\/12\/elmonda-bajraliu-150x150.jpg 150w, https:\/\/www.albinfo.at\/wp-content\/uploads\/2025\/12\/elmonda-bajraliu-768x768.jpg 768w, https:\/\/www.albinfo.at\/wp-content\/uploads\/2025\/12\/elmonda-bajraliu-396x396.jpg 396w, https:\/\/www.albinfo.at\/wp-content\/uploads\/2025\/12\/elmonda-bajraliu-280x280.jpg 280w, https:\/\/www.albinfo.at\/wp-content\/uploads\/2025\/12\/elmonda-bajraliu-100x100.jpg 100w, https:\/\/www.albinfo.at\/wp-content\/uploads\/2025\/12\/elmonda-bajraliu-175x175.jpg 175w, https:\/\/www.albinfo.at\/wp-content\/uploads\/2025\/12\/elmonda-bajraliu.jpg 1080w\" sizes=\"auto, (max-width: 600px) 100vw, 600px\" \/><\/a><\/strong><\/p>\n<p data-start=\"3699\" data-end=\"4415\"><strong>Elmonda Bajraliu<\/strong> sieht sich selbst als jemand, der Menschen verbindet und Br\u00fccken zwischen ihnen baut. Sie hat gro\u00dfe Ideen und Tr\u00e4ume f\u00fcr die Zukunft, ist aber gleichzeitig bereit, hart und diszipliniert zu arbeiten, um sie zu verwirklichen. Herausforderungen machen ihr keine Angst\u00a0 im Gegenteil, sie sieht sie als Chancen, um zu lernen und sich weiterzuentwickeln. Da sie mit zwei Sprachen und zwei Kulturen aufgewachsen ist, wei\u00df sie genau, was es bedeutet, zwischen verschiedenen Welten zu leben und Menschen mit unterschiedlichen Erfahrungen zu verstehen. Sie ist neugierig, denkt kritisch und nimmt nichts als selbstverst\u00e4ndlich. Diese Eigenschaften begleiten sie im Privatleben, in der Arbeit und im Studium.<\/p>\n<p data-start=\"4417\" data-end=\"4554\"><strong>albinfo.ch:<\/strong> Sie sind in Winterthur geboren und aufgewachsen. Wie hat diese Stadt Ihre pers\u00f6nliche und politische Entwicklung beeinflusst?<\/p>\n<p data-start=\"4556\" data-end=\"5239\"><strong>Elmonda Bajraliu:<\/strong> Ich bin in Winterthur geboren und aufgewachsen. Hier habe ich meine ersten Schritte gemacht und lebe auch heute. In Winterthur habe ich eine dreij\u00e4hrige Banklehre mit Berufsmaturit\u00e4t begonnen, und heute studiere ich Recht an der ZHAW. Durch Schule, Arbeit und mein gesellschaftliches Engagement bin ich in Winterthur sehr gut vernetzt. Im Jahr 2019 haben wir zusammen mit anderen Jugendlichen das Jugendparlament Winterthur gegr\u00fcndet, und zwei Jahre lang war ich Teil der Co-Leitung. Diese Erfahrung hat mein Interesse an Politik und meinen Wunsch, mich zu engagieren, stark gef\u00f6rdert. Winterthur hat mir viel gegeben\u00a0 jetzt m\u00f6chte ich der Stadt etwas zur\u00fcckgeben.<\/p>\n<p data-start=\"5241\" data-end=\"5362\"><strong>albinfo.ch:<\/strong> Was hat Sie konkret motiviert, bei den kommenden Wahlen f\u00fcr das Stadtparlament von Winterthur zu kandidieren?<\/p>\n<p data-start=\"5364\" data-end=\"5724\"><strong>Elmonda Bajraliu:<\/strong> Politik ist nichts Fernes\u00a0 sie beeinflusst direkt den Alltag jedes Einzelnen. Viele junge Menschen f\u00fchlen sich nicht vertreten, obwohl politische Entscheidungen ihre Zukunft stark pr\u00e4gen. Ich kandidiere, weil ich finde, dass Politik n\u00e4her bei den Menschen sein muss und das Parlament die Realit\u00e4t der Bev\u00f6lkerung besser widerspiegeln sollte.<\/p>\n<p data-start=\"5726\" data-end=\"5853\"><strong>albinfo.ch:<\/strong> Welche Hauptthemen m\u00f6chten Sie vertreten, falls Sie ins Parlament gew\u00e4hlt werden? Wo sehen Sie Ihre gr\u00f6\u00dfte Wirkung?<\/p>\n<p data-start=\"5855\" data-end=\"6505\"><strong>Elmonda Bajraliu:<\/strong> Mein Fokus liegt auf Bildung, Chancengleichheit und der Beteiligung junger Menschen. F\u00fcr mich ist es zentral, dass Jugendliche eine Stimme haben und in Entscheidungen einbezogen werden, die sie direkt betreffen. Ich denke, dass ich genau dort am meisten beitragen kann, wo ich die Stimme der jungen Generation einbringen und Politik, Institutionen und Menschen miteinander verbinden kann. Ich bin es gewohnt, mit Personen verschiedenster Altersgruppen und Kulturen zu arbeiten und Verantwortung zu \u00fcbernehmen. Ich m\u00f6chte die junge Generation vertreten und sicherstellen, dass ihre Gedanken, Anliegen und Ideen ernst genommen werden.<\/p>\n<p data-start=\"6507\" data-end=\"6695\"><strong>albinfo.ch:<\/strong> Wie beeinflusst Ihre albanische Herkunft Ihr politisches Engagement? Ist Ihre Identit\u00e4t als albanische Frau, die in der Schweiz geboren wurde, Teil Ihrer politischen Botschaft?<\/p>\n<p data-start=\"6697\" data-end=\"7328\" data-is-last-node=\"\" data-is-only-node=\"\"><strong>Elmonda Bajraliu:<\/strong> Meine albanische Herkunft ist Teil meiner Identit\u00e4t. Als junge Frau, die in der Schweiz geboren wurde und albanische Wurzeln hat, bin ich zwischen zwei Kulturen aufgewachsen und das ist f\u00fcr mich ganz selbstverst\u00e4ndlich. Diese Erfahrung hat mich gelehrt, offen zu sein, unterschiedliche Perspektiven zu verstehen und Dinge nicht nur aus einem Blickwinkel zu betrachten. Sie hat auch meine Sicht auf Integration und gesellschaftliche Teilhabe gepr\u00e4gt. F\u00fcr mich funktionieren diese nur, wenn es gegenseitigen Respekt gibt, Chancengleichheit und wenn Menschen wirklich die M\u00f6glichkeit haben, ihren Beitrag zu leisten.<\/p>\n<p><strong><a href=\"https:\/\/www.albinfo.ch\/wp-content\/uploads\/2025\/12\/elmona-bajraliu.jpg\"><img loading=\"lazy\" decoding=\"async\" class=\"alignnone wp-image-879605\" src=\"https:\/\/www.albinfo.ch\/wp-content\/uploads\/2025\/12\/elmona-bajraliu.jpg\" alt=\"\" width=\"622\" height=\"400\" srcset=\"https:\/\/www.albinfo.at\/wp-content\/uploads\/2025\/12\/elmona-bajraliu.jpg 1024w, https:\/\/www.albinfo.at\/wp-content\/uploads\/2025\/12\/elmona-bajraliu-300x193.jpg 300w, https:\/\/www.albinfo.at\/wp-content\/uploads\/2025\/12\/elmona-bajraliu-768x494.jpg 768w, https:\/\/www.albinfo.at\/wp-content\/uploads\/2025\/12\/elmona-bajraliu-87x56.jpg 87w, https:\/\/www.albinfo.at\/wp-content\/uploads\/2025\/12\/elmona-bajraliu-587x378.jpg 587w, https:\/\/www.albinfo.at\/wp-content\/uploads\/2025\/12\/elmona-bajraliu-155x100.jpg 155w, https:\/\/www.albinfo.at\/wp-content\/uploads\/2025\/12\/elmona-bajraliu-265x171.jpg 265w\" sizes=\"auto, (max-width: 622px) 100vw, 622px\" \/><\/a><\/strong><\/p>\n<p data-start=\"6024\" data-end=\"6201\"><strong>albinfo.ch:<\/strong> Wie pr\u00e4sent empfinden Sie die Albaner in der politischen Landschaft von Winterthur und der Schweiz im Allgemeinen? Sind wir Ihrer Meinung nach ausreichend vertreten?<\/p>\n<p data-start=\"6203\" data-end=\"6881\"><strong>Elmonda Bajraliu:<\/strong> In der Schweiz gibt es Albaner, die politisch aktiv sind\u00a0 einige auf Gemeindeebene, wo Entscheidungen getroffen werden, die den Alltag direkt beeinflussen, und einige sogar auf nationaler Ebene, wo die Beschl\u00fcsse f\u00fcr das ganze Land gelten. Das ist sehr positiv. Dennoch engagiert sich der Gro\u00dfteil unserer Community st\u00e4rker in der Arbeit und in Vereinen. Das zeigt, dass es gro\u00dfes Potenzial gibt, das jedoch in der Politik und bei der Entscheidungsfindung noch nicht gen\u00fcgend genutzt wird. Damit sich das \u00e4ndert, braucht es mehr positive Beispiele, mehr Sichtbarkeit und einfache Informationen dar\u00fcber, wie man sich engagieren und politisch aktiv werden kann.<\/p>\n<p data-start=\"6883\" data-end=\"7071\"><strong>albinfo.ch:<\/strong> Welche Hauptherausforderungen betreffen Ihrer Ansicht nach junge Menschen mit Migrationshintergrund in Winterthur (z. B. in Bildung, Arbeitsmarkt, gesellschaftlicher Teilhabe)?<\/p>\n<p data-start=\"7073\" data-end=\"8103\"><strong>Elmonda Bajraliu:<\/strong> Viele junge Menschen haben heute Schwierigkeiten, eine Stelle zu finden oder in den Arbeitsmarkt einzutreten. Obwohl das Bildungssystem in der Schweiz stark ist, sind die Erwartungen sehr hoch: Zusatzausbildungen, Studieng\u00e4nge und Berufserfahrungen werden oft schon sehr fr\u00fch verlangt. Ich kenne viele Jugendliche, die zahlreiche Bewerbungen schreiben und nicht einmal eine Antwort erhalten, w\u00e4hrend gleichzeitig von Fachkr\u00e4ftemangel gesprochen wird. Das f\u00fchrt zu Frustration. Zus\u00e4tzlich sehen sich einige auch mit Vorurteilen konfrontiert, zum Beispiel wegen ihres Nachnamens. Auch im Bildungsbereich gibt es Herausforderungen. Viele Familien mit Migrationshintergrund kennen das Schweizer Bildungssystem nicht gut, oft weil die Eltern hier nicht zur Schule gegangen sind. Es fehlt an Informationen, und auch finanzielle H\u00fcrden k\u00f6nnen ein Problem sein. Teilzeitstudienmodelle sind sehr wichtig, weil sie es Jugendlichen erm\u00f6glichen, Studium und Arbeit zu kombinieren und gleichzeitig Berufserfahrung zu sammeln.<\/p>\n<p data-start=\"8105\" data-end=\"8293\"><strong>albinfo.ch:<\/strong> Welche Rolle spielen Ihrer Meinung nach die albanischen Medien in der Schweiz und im Kosovo dabei, die Geschichten und Erfolge der neuen Diaspora-Generation sichtbar zu machen?<\/p>\n<p data-start=\"8295\" data-end=\"8937\"><strong>Elmonda Bajraliu:<\/strong> Albanische Medien sind sehr wichtig, besonders f\u00fcr uns, die wir in der Schweiz oder im Ausland leben. Sie informieren uns, geben uns ein Gef\u00fchl der Verbundenheit und motivieren uns oft, besonders die jungen Menschen. Wenn wir positive Geschichten und Erfolgserlebnisse von Menschen sehen, die uns \u00e4hneln, gibt uns das Selbstvertrauen und zeigt uns, dass auch wir es schaffen k\u00f6nnen. Das sieht man seit langem im Sport und immer h\u00e4ufiger auch in der Politik. Ich w\u00fcrde mir w\u00fcnschen, dass solche Geschichten noch \u00f6fter erz\u00e4hlt werden\u00a0 besonders von jungen Menschen und Frauen , um zu zeigen, wie viele M\u00f6glichkeiten es gibt.<\/p>\n<p data-start=\"8939\" data-end=\"9110\"><strong>albinfo.ch:<\/strong> Haben Sie bereits Kontakte oder Unterst\u00fctzung von albanischen Organisationen in der Schweiz? Wie m\u00f6chten Sie w\u00e4hrend Ihrer Kampagne mit ihnen zusammenarbeiten?<\/p>\n<p data-start=\"9112\" data-end=\"9783\">Elmonda Bajraliu: Bis jetzt hatte ich nur wenige Kontakte zu albanischen Organisationen, vor allem weil ich neben dem Studium auch in der Bank arbeite und die Zeit oft knapp ist. Dennoch habe ich gro\u00dfes Interesse an einer intensiveren Zusammenarbeit in Zukunft. K\u00fcrzlich hatte ich die Gelegenheit, an einer Diskussion \u00fcber Demokratie jenseits der Grenzen teilzunehmen, organisiert von einer albanischen Studierendenvereinigung an der Universit\u00e4t Z\u00fcrich. Ihr Engagement hat mich sehr beeindruckt und mir gezeigt, wie aktiv und motiviert viele junge Menschen sind. Solche Begegnungen geben mir den Antrieb, meine Kontakte auszubauen und in diesem Bereich aktiver zu werden.<\/p>\n<p data-start=\"9785\" data-end=\"9923\"><strong>albinfo.ch:<\/strong> Was sagen Sie jenen, die der politischen Beteiligung junger Menschen\u00a0 insbesondere junger Frauen\u00a0 skeptisch gegen\u00fcberstehen?<\/p>\n<p data-start=\"9925\" data-end=\"10101\"><strong>Elmonda Bajraliu:<\/strong> In einer Demokratie ist es wichtig, dass auch Frauen Teil der Entscheidungsprozesse sind, denn nur so kann die Politik die Bev\u00f6lkerung wirklich widerspiegeln.<\/p>\n<p data-start=\"10103\" data-end=\"10302\"><strong>albinfo.ch:<\/strong> Welche Botschaft m\u00f6chten Sie jungen Albanerinnen und Albanern in der Schweiz mitgeben, die sich von der Politik distanziert f\u00fchlen und nicht glauben, dass ihre Stimme etwas bewirken kann?<\/p>\n<p data-start=\"10304\" data-end=\"10893\">Elmonda Bajraliu: Alles beginnt mit dem Mut, den ersten Schritt zu machen. Wenn du dich nicht engagierst, kannst du nicht erwarten, dass es jemand anderes f\u00fcr dich tut. Das gilt sowohl in der Politik als auch im Alltag. Junge Albanerinnen und Albaner in der Schweiz haben viele gute M\u00f6glichkeiten\u00a0 in der Schule, im Beruf und im Privatleben. Die Generationen vor uns hatten diese Chancen nicht immer. Deshalb ist es wichtig, hartn\u00e4ckig zu bleiben, nicht aufzugeben, wenn es schwierig wird, und an sich selbst zu glauben. Mit Zeit und Einsatz bewirkt jeder kleine Schritt eine Ver\u00e4nderung.<\/p>\n<p data-start=\"10895\" data-end=\"11088\"><strong>albinfo.ch:<\/strong> Was w\u00fcrden Sie nach vier Jahren im Amt als Ihren pers\u00f6nlichen Erfolg betrachten, falls Sie gew\u00e4hlt werden? Was m\u00f6chten Sie konkret f\u00fcr die Stadt und die Gemeinschaft erreicht haben?<\/p>\n<p data-start=\"11090\" data-end=\"11606\"><strong>Elmonda Bajraliu:<\/strong> F\u00fcr mich w\u00e4re es ein gro\u00dfer Erfolg, wenn die jungen Menschen in vier Jahren sagen w\u00fcrden: \u201cIch f\u00fchle mich geh\u00f6rt und ernst genommen.\u201d Politik bedeutet f\u00fcr mich nicht nur Entscheidungen, sondern auch das Vertrauen, das zwischen Politik und Gesellschaft entsteht. Besonders m\u00f6chte ich junge Menschen\u00a0 auch jene mit Migrationshintergrund\u00a0 motivieren, sich zu engagieren und Verantwortung zu \u00fcbernehmen. Ich sehe mich als jemand, der hilft, Barrieren abzubauen und zeigt, dass Engagement m\u00f6glich ist.<\/p>\n<p data-start=\"11608\" data-end=\"11999\" data-is-last-node=\"\" data-is-only-node=\"\">Ebenso wichtig ist es, dass Winterthur finanziell stabil bleibt und weiterhin eine starke Stadt f\u00fcr Arbeit und Bildung ist. Wenn die Finanzen verantwortungsvoll gef\u00fchrt werden, entsteht mehr Raum f\u00fcr die Zukunft. Wenn ich dazu beitragen kann und gleichzeitig Br\u00fccken zwischen Menschen mit unterschiedlichen Lebensrealit\u00e4ten baue, dann w\u00fcrde ich das als meinen pers\u00f6nlichen Erfolg betrachten.<\/p>\n<p><strong><a href=\"https:\/\/www.albinfo.ch\/wp-content\/uploads\/2025\/12\/elmonda-bajraliu-de.jpg\"><img loading=\"lazy\" decoding=\"async\" class=\"alignnone wp-image-879608\" src=\"https:\/\/www.albinfo.ch\/wp-content\/uploads\/2025\/12\/elmonda-bajraliu-de-1024x1024.jpg\" alt=\"\" width=\"600\" height=\"600\" srcset=\"https:\/\/www.albinfo.at\/wp-content\/uploads\/2025\/12\/elmonda-bajraliu-de-1024x1024.jpg 1024w, https:\/\/www.albinfo.at\/wp-content\/uploads\/2025\/12\/elmonda-bajraliu-de-300x300.jpg 300w, https:\/\/www.albinfo.at\/wp-content\/uploads\/2025\/12\/elmonda-bajraliu-de-150x150.jpg 150w, https:\/\/www.albinfo.at\/wp-content\/uploads\/2025\/12\/elmonda-bajraliu-de-768x768.jpg 768w, https:\/\/www.albinfo.at\/wp-content\/uploads\/2025\/12\/elmonda-bajraliu-de-396x396.jpg 396w, https:\/\/www.albinfo.at\/wp-content\/uploads\/2025\/12\/elmonda-bajraliu-de-280x280.jpg 280w, https:\/\/www.albinfo.at\/wp-content\/uploads\/2025\/12\/elmonda-bajraliu-de-100x100.jpg 100w, https:\/\/www.albinfo.at\/wp-content\/uploads\/2025\/12\/elmonda-bajraliu-de-175x175.jpg 175w, https:\/\/www.albinfo.at\/wp-content\/uploads\/2025\/12\/elmonda-bajraliu-de.jpg 1080w\" sizes=\"auto, (max-width: 600px) 100vw, 600px\" \/><\/a><\/strong><\/p>\n<p data-start=\"1522\" data-end=\"1714\"><strong>albinfo.ch:<\/strong> Und zum Schluss, wie k\u00f6nnen die B\u00fcrgerinnen und B\u00fcrger\u00a0 besonders die Albaner in Winterthur,\u00a0 Sie am besten unterst\u00fctzen und \u00fcber Ihre politische Arbeit auf dem Laufenden bleiben?<\/p>\n<p data-start=\"1716\" data-end=\"2939\" data-is-last-node=\"\" data-is-only-node=\"\">Elmonda Bajraliu: Zurzeit bin ich sehr aktiv auf sozialen Medien wie Instagram und LinkedIn, wo ich regelm\u00e4\u00dfig Informationen \u00fcber mein Engagement und meine politischen Aktivit\u00e4ten teile. Au\u00dferdem habe ich meine offizielle Webseite <a class=\"decorated-link\" href=\"http:\/\/www.elmonda-bajraliu.ch\" target=\"_new\" rel=\"noopener\" data-start=\"1947\" data-end=\"1970\">www.elmonda-bajraliu.ch<\/a>, auf der Interessierte ausf\u00fchrlichere Informationen finden k\u00f6nnen.<br data-start=\"2037\" data-end=\"2040\" \/>Wer mich unterst\u00fctzen m\u00f6chte, kann mich direkt kontaktieren. Ich freue mich \u00fcber jede Hilfe bei der Verteilung von Flyern, die sowohl auf Albanisch als auch auf Deutsch verf\u00fcgbar sein werden. Ebenso bin ich sehr dankbar, wenn Menschen die Flyer online teilen, sie weitergeben oder Freunden und Bekannten von mir erz\u00e4hlen.<br data-start=\"2361\" data-end=\"2364\" \/>Auf meiner Webseite ist auch der Einzahlungsschein f\u00fcr diejenigen ver\u00f6ffentlicht, die finanziell beitragen m\u00f6chten. Da ein Wahlkampf auch Ausgaben mit sich bringt, ist jede finanzielle Unterst\u00fctzung f\u00fcr mich sehr wertvoll. Spenden k\u00f6nnen zudem gem\u00e4\u00df den geltenden Regeln von den Steuern abgezogen werden.<br data-start=\"2668\" data-end=\"2671\" \/>Au\u00dferdem ist jede Person willkommen, mich zu kontaktieren, wenn sie die M\u00f6glichkeit hat, Plakate in ihrer Nachbarschaft oder auf ihrem eigenen Grundst\u00fcck aufzuh\u00e4ngen.<br data-start=\"2837\" data-end=\"2840\" data-is-only-node=\"\" \/>Ich danke von Herzen allen, die mich unterst\u00fctzen, mir vertrauen und mich auf diesem Weg begleiten.<\/p>\n<p>&nbsp;<\/p>\n","protected":false},"excerpt":{"rendered":"<p>In der Lokalpolitik von Winterthur tritt eine neue Generation von Stimmen, Energien und Perspektiven hervor. Unter ihnen steht Elmonda Bajraliu, ein Name, der immer st\u00e4rker mit B\u00fcrgerbeteiligung und der Vertretung junger Menschen verbunden wird. In Winterthur geboren und aufgewachsen, ist sie zwischen zwei Kulturen, zwei Sprachen und zwei Welten gro\u00df geworden und hat diese Erfahrung [&hellip;]<\/p>\n","protected":false},"author":6,"featured_media":879614,"comment_status":"closed","ping_status":"closed","sticky":false,"template":"","format":"standard","meta":{"footnotes":""},"categories":[24636,1134,1135,1133,1140],"tags":[],"vendi":[],"content_country":[],"class_list":["post-879787","post","type-post","status-publish","format-standard","has-post-thumbnail","hentry","category-nachrichten-de-4","category-integration","category-frauen","category-e-diaspora-de","category-leben-in-der-schweiz"],"acf":[],"_links":{"self":[{"href":"https:\/\/www.albinfo.at\/de\/wp-json\/wp\/v2\/posts\/879787","targetHints":{"allow":["GET"]}}],"collection":[{"href":"https:\/\/www.albinfo.at\/de\/wp-json\/wp\/v2\/posts"}],"about":[{"href":"https:\/\/www.albinfo.at\/de\/wp-json\/wp\/v2\/types\/post"}],"author":[{"embeddable":true,"href":"https:\/\/www.albinfo.at\/de\/wp-json\/wp\/v2\/users\/6"}],"replies":[{"embeddable":true,"href":"https:\/\/www.albinfo.at\/de\/wp-json\/wp\/v2\/comments?post=879787"}],"version-history":[{"count":1,"href":"https:\/\/www.albinfo.at\/de\/wp-json\/wp\/v2\/posts\/879787\/revisions"}],"predecessor-version":[{"id":879788,"href":"https:\/\/www.albinfo.at\/de\/wp-json\/wp\/v2\/posts\/879787\/revisions\/879788"}],"wp:featuredmedia":[{"embeddable":true,"href":"https:\/\/www.albinfo.at\/de\/wp-json\/wp\/v2\/media\/879614"}],"wp:attachment":[{"href":"https:\/\/www.albinfo.at\/de\/wp-json\/wp\/v2\/media?parent=879787"}],"wp:term":[{"taxonomy":"category","embeddable":true,"href":"https:\/\/www.albinfo.at\/de\/wp-json\/wp\/v2\/categories?post=879787"},{"taxonomy":"post_tag","embeddable":true,"href":"https:\/\/www.albinfo.at\/de\/wp-json\/wp\/v2\/tags?post=879787"},{"taxonomy":"vendi","embeddable":true,"href":"https:\/\/www.albinfo.at\/de\/wp-json\/wp\/v2\/vendi?post=879787"},{"taxonomy":"content_country","embeddable":true,"href":"https:\/\/www.albinfo.at\/de\/wp-json\/wp\/v2\/content_country?post=879787"}],"curies":[{"name":"wp","href":"https:\/\/api.w.org\/{rel}","templated":true}]}}