{"id":879706,"date":"2025-12-03T18:32:22","date_gmt":"2025-12-03T17:32:22","guid":{"rendered":"https:\/\/www.albinfo.ch\/?p=879706"},"modified":"2025-12-03T20:36:15","modified_gmt":"2025-12-03T19:36:15","slug":"shaqiri-spricht-ueber-die-armut-die-er-als-kind-erlebt-hat","status":"publish","type":"post","link":"https:\/\/www.albinfo.at\/de\/shaqiri-spricht-ueber-die-armut-die-er-als-kind-erlebt-hat\/","title":{"rendered":"Shaqiri spricht \u00fcber die Armut, die er als Kind erlebt hat"},"content":{"rendered":"<p data-start=\"1667\" data-end=\"2045\">Schweizer Medien schreiben, dass Xherdan Shaqiri durch den Fu\u00dfball wohlhabend wurde. Er spielte f\u00fcr gro\u00dfe Vereine. Der aktuelle Kapit\u00e4n des FC Basel spielte unter anderem f\u00fcr Bayern, Inter und Liverpool. Doch als Jugendlicher musste er arbeiten, um seinen Mitgliederbeitrag beim FC Basel bezahlen zu k\u00f6nnen, wie er in einem neuen Format von\u00a0 SRF erz\u00e4hlte, berichtet albinfo.ch.<\/p>\n<p data-start=\"2047\" data-end=\"2332\">In seiner Kindheit war die finanzielle Lage der Familie Shaqiri nicht gut. Er wuchs unter bescheidenen Bedingungen auf und lebte mit seiner gesamten Familie auf einem Bauernhof in Augst. Sie hatten nur ein einziges Zimmer. Die Familie konnte sich praktisch nie richtige Ferien leisten.<\/p>\n<p data-start=\"2334\" data-end=\"2641\">&#8220;Mein erstes Geburtstagsgeschenk war Ronaldos Trikot mit Brasilien. Es war nicht original, aber ich war sehr gl\u00fccklich&#8221;, sagte Shaqiri zu der elfj\u00e4hrigen Journalistin Lina, die ihn f\u00fcr das neue Programm \u201cSRF Kids\u201d interviewte. Die erste Folge des Formats zeigte, was es bedeutet, in der Schweiz arm zu sein.<\/p>\n<p data-start=\"2643\" data-end=\"2820\">&#8220;Der Mitgliederbeitrag beim FC Basel war f\u00fcr meine Eltern unerschwinglich. Deshalb mussten mein Bruder und ich arbeiten gehen, damit wir ihn bezahlen konnten&#8221;, erkl\u00e4rte Shaqiri.<\/p>\n<p data-start=\"2822\" data-end=\"2885\">Der Fu\u00dfballstar sagt, dass ihn diese Situation stark belastete.<\/p>\n<p data-start=\"2887\" data-end=\"2936\">&#8220;Sie machte mich besorgt und irgendwie besch\u00e4mt.&#8221;<\/p>\n<p data-start=\"2938\" data-end=\"3068\">Dennoch betonte er, dass man sich eigentlich nicht sch\u00e4men m\u00fcsse, wenn man wenig Geld hat. Dies gelte f\u00fcr viele Menschen weltweit.<\/p>\n<p data-start=\"3070\" data-end=\"3246\" data-is-last-node=\"\" data-is-only-node=\"\">Im Alter von 17 Jahren unterschrieb Shaqiri seinen ersten Profivertrag beim FC Basel. Xherdan zeigte sich dankbar und gl\u00fccklich, dass er seinen Eltern etwas zur\u00fcckgeben konnte.<\/p>\n","protected":false},"excerpt":{"rendered":"<p>Schweizer Medien schreiben, dass Xherdan Shaqiri durch den Fu\u00dfball wohlhabend wurde. Er spielte f\u00fcr gro\u00dfe Vereine. Der aktuelle Kapit\u00e4n des FC Basel spielte unter anderem f\u00fcr Bayern, Inter und Liverpool. Doch als Jugendlicher musste er arbeiten, um seinen Mitgliederbeitrag beim FC Basel bezahlen zu k\u00f6nnen, wie er in einem neuen Format von\u00a0 SRF erz\u00e4hlte, berichtet [&hellip;]<\/p>\n","protected":false},"author":6,"featured_media":829068,"comment_status":"closed","ping_status":"closed","sticky":false,"template":"","format":"standard","meta":{"footnotes":""},"categories":[4023,24631,1139],"tags":[],"vendi":[],"content_country":[],"class_list":["post-879706","post","type-post","status-publish","format-standard","has-post-thumbnail","hentry","category-futboll-de","category-nachrichten-de-2","category-sport"],"acf":[],"_links":{"self":[{"href":"https:\/\/www.albinfo.at\/de\/wp-json\/wp\/v2\/posts\/879706","targetHints":{"allow":["GET"]}}],"collection":[{"href":"https:\/\/www.albinfo.at\/de\/wp-json\/wp\/v2\/posts"}],"about":[{"href":"https:\/\/www.albinfo.at\/de\/wp-json\/wp\/v2\/types\/post"}],"author":[{"embeddable":true,"href":"https:\/\/www.albinfo.at\/de\/wp-json\/wp\/v2\/users\/6"}],"replies":[{"embeddable":true,"href":"https:\/\/www.albinfo.at\/de\/wp-json\/wp\/v2\/comments?post=879706"}],"version-history":[{"count":1,"href":"https:\/\/www.albinfo.at\/de\/wp-json\/wp\/v2\/posts\/879706\/revisions"}],"predecessor-version":[{"id":879710,"href":"https:\/\/www.albinfo.at\/de\/wp-json\/wp\/v2\/posts\/879706\/revisions\/879710"}],"wp:featuredmedia":[{"embeddable":true,"href":"https:\/\/www.albinfo.at\/de\/wp-json\/wp\/v2\/media\/829068"}],"wp:attachment":[{"href":"https:\/\/www.albinfo.at\/de\/wp-json\/wp\/v2\/media?parent=879706"}],"wp:term":[{"taxonomy":"category","embeddable":true,"href":"https:\/\/www.albinfo.at\/de\/wp-json\/wp\/v2\/categories?post=879706"},{"taxonomy":"post_tag","embeddable":true,"href":"https:\/\/www.albinfo.at\/de\/wp-json\/wp\/v2\/tags?post=879706"},{"taxonomy":"vendi","embeddable":true,"href":"https:\/\/www.albinfo.at\/de\/wp-json\/wp\/v2\/vendi?post=879706"},{"taxonomy":"content_country","embeddable":true,"href":"https:\/\/www.albinfo.at\/de\/wp-json\/wp\/v2\/content_country?post=879706"}],"curies":[{"name":"wp","href":"https:\/\/api.w.org\/{rel}","templated":true}]}}