{"id":879428,"date":"2025-12-02T19:44:52","date_gmt":"2025-12-02T18:44:52","guid":{"rendered":"https:\/\/www.albinfo.ch\/?p=879428"},"modified":"2025-12-02T22:49:17","modified_gmt":"2025-12-02T21:49:17","slug":"der-kosovarische-kapitaen-amir-rrahmani-wird-zum-besten-verteidiger-der-saison-in-italien-erklaert","status":"publish","type":"post","link":"https:\/\/www.albinfo.at\/de\/der-kosovarische-kapitaen-amir-rrahmani-wird-zum-besten-verteidiger-der-saison-in-italien-erklaert\/","title":{"rendered":"Der kosovarische Kapit\u00e4n Amir Rrahmani wird zum besten Verteidiger der Saison in Italien erkl\u00e4rt"},"content":{"rendered":"<article class=\"text-token-text-primary w-full focus:outline-none [--shadow-height:45px] has-data-writing-block:pointer-events-none has-data-writing-block:-mt-(--shadow-height) has-data-writing-block:pt-(--shadow-height) [&amp;:has([data-writing-block])&gt;*]:pointer-events-auto scroll-mt-[calc(var(--header-height)+min(200px,max(70px,20svh)))]\" dir=\"auto\" tabindex=\"-1\" data-turn-id=\"request-692ca65f-c108-832a-b8cf-eaa756d89cd3-28\" data-testid=\"conversation-turn-68\" data-scroll-anchor=\"true\" data-turn=\"assistant\">\n<div class=\"text-base my-auto mx-auto pb-10 [--thread-content-margin:--spacing(4)] thread-sm:[--thread-content-margin:--spacing(6)] thread-lg:[--thread-content-margin:--spacing(16)] px-(--thread-content-margin)\">\n<div class=\"[--thread-content-max-width:40rem] thread-lg:[--thread-content-max-width:48rem] mx-auto max-w-(--thread-content-max-width) flex-1 group\/turn-messages focus-visible:outline-hidden relative flex w-full min-w-0 flex-col agent-turn\" tabindex=\"-1\">\n<div class=\"flex max-w-full flex-col grow\">\n<div class=\"min-h-8 text-message relative flex w-full flex-col items-end gap-2 text-start break-words whitespace-normal [.text-message+&amp;]:mt-1\" dir=\"auto\" data-message-author-role=\"assistant\" data-message-id=\"0f6e014d-5ee6-4883-bee7-bce382744223\" data-message-model-slug=\"gpt-5-1\">\n<div class=\"flex w-full flex-col gap-1 empty:hidden first:pt-[1px]\">\n<div class=\"markdown prose dark:prose-invert w-full break-words light markdown-new-styling\">\n<p data-start=\"2034\" data-end=\"2395\">Der Kapit\u00e4n des Kosovo, Amir Rrahmani, hat einen weiteren gro\u00dfen Erfolg in seiner Karriere erzielt, indem er in die Mannschaft der Saison der Serie A 2024\/2025 gew\u00e4hlt wurde. Rrahmani f\u00fchrte die Abwehr von Neapel an, das im italienischen Meisterschaftsbetrieb triumphierte, und zeigte in allen 38 Saisonspielen Konstanz und F\u00fchrungsst\u00e4rke, berichtet albinfo.ch.<\/p>\n<p data-start=\"2397\" data-end=\"2869\">Die prestigetr\u00e4chtige Zeremonie \u201cGran Gala del Calcio\u201d, organisiert vom Italienischen Fu\u00dfballerverband (AIC), fand am Montag in Mailand statt, wo die besten Spieler der Saison in ihren jeweiligen Positionen ausgezeichnet wurden. Laut den Stimmen der Spieler wurden Rrahmani und Alessandro Bastoni von Inter zu den besten Innenverteidigern erkl\u00e4rt, w\u00e4hrend Denzel Dumfries (Inter) und Federico Dimarco (Inter) als bester rechter und linker Verteidiger ausgezeichnet wurden.<\/p>\n<p data-start=\"2871\" data-end=\"3323\">Im weiteren Teil der Mannschaft der Saison wurde Mile Svilar (Roma) zum besten Torh\u00fcter gew\u00e4hlt. Das beste Mittelfeld bildeten Nicolo Barella (Inter), Scott McTominay (Neapel) und Tijjani Reijnders (Mailand), w\u00e4hrend die besten St\u00fcrmer Lautaro Martinez (Inter), Moise Kean (Fiorentina) und Mateo Retegui (Atalanta, derzeit bei Al Qadsiah) waren. Der schottische Mittelfeldspieler von Neapel, Scott McTominay, wurde zum besten Spieler der Saison gek\u00fcrt.<\/p>\n<p data-start=\"3325\" data-end=\"3505\">Nach Erhalt seines Preises \u00e4u\u00dferte sich Rrahmani kurz:<br data-start=\"3379\" data-end=\"3382\" \/>\u201cIch arbeite jedes Jahr daran, mich zu verbessern\u201d, womit er sein anhaltendes Engagement f\u00fcr Neapel und den Kosovo betonte.<\/p>\n<p data-start=\"3507\" data-end=\"3840\">Laut Sky Sport Italia spiegelt die Auswahl der Mannschaft der Saison Rrahmanis Konstanz und F\u00fchrungsqualit\u00e4t wider, trotz der Trainerwechsel und der Verpflichtung neuer Spieler in Neapel. Er spielte mit unterschiedlichen Verteidigungspartnern, von Kim bis Buongiorno, und hielt in allen Herausforderungen der Saison ein hohes Niveau.<\/p>\n<p data-start=\"3842\" data-end=\"4058\" data-is-last-node=\"\" data-is-only-node=\"\">Rrahmani bleibt das zentrale R\u00fcckgrat der Abwehr von Neapel, das auch in dieser Saison um den Meistertitel in Italien k\u00e4mpft, und zeigt damit, dass der albanische Kapit\u00e4n einer der besten Verteidiger der Serie A ist.<\/p>\n<\/div>\n<\/div>\n<\/div>\n<\/div>\n<\/div>\n<\/div>\n<\/article>\n<p><img loading=\"lazy\" decoding=\"async\" class=\"alignnone wp-image-879192\" src=\"https:\/\/www.albinfo.ch\/wp-content\/uploads\/2025\/12\/img_4498-823x1024.jpeg\" alt=\"\" width=\"500\" height=\"622\" srcset=\"https:\/\/www.albinfo.at\/wp-content\/uploads\/2025\/12\/img_4498-823x1024.jpeg 823w, https:\/\/www.albinfo.at\/wp-content\/uploads\/2025\/12\/img_4498-241x300.jpeg 241w, https:\/\/www.albinfo.at\/wp-content\/uploads\/2025\/12\/img_4498-768x955.jpeg 768w, https:\/\/www.albinfo.at\/wp-content\/uploads\/2025\/12\/img_4498-1235x1536.jpeg 1235w, https:\/\/www.albinfo.at\/wp-content\/uploads\/2025\/12\/img_4498-318x396.jpeg 318w, https:\/\/www.albinfo.at\/wp-content\/uploads\/2025\/12\/img_4498-80x100.jpeg 80w, https:\/\/www.albinfo.at\/wp-content\/uploads\/2025\/12\/img_4498-141x175.jpeg 141w, https:\/\/www.albinfo.at\/wp-content\/uploads\/2025\/12\/img_4498.jpeg 1284w\" sizes=\"auto, (max-width: 500px) 100vw, 500px\" \/><\/p>\n","protected":false},"excerpt":{"rendered":"<p>Amir Rrahmani, der F\u00fchrungsspieler von Neapel, geh\u00f6rt zur Mannschaft der Saison in der Serie A 2024\/2025<\/p>\n","protected":false},"author":6,"featured_media":879197,"comment_status":"closed","ping_status":"closed","sticky":false,"template":"","format":"standard","meta":{"footnotes":""},"categories":[4023,24631,1139],"tags":[],"vendi":[],"content_country":[],"class_list":["post-879428","post","type-post","status-publish","format-standard","has-post-thumbnail","hentry","category-futboll-de","category-nachrichten-de-2","category-sport"],"acf":[],"_links":{"self":[{"href":"https:\/\/www.albinfo.at\/de\/wp-json\/wp\/v2\/posts\/879428","targetHints":{"allow":["GET"]}}],"collection":[{"href":"https:\/\/www.albinfo.at\/de\/wp-json\/wp\/v2\/posts"}],"about":[{"href":"https:\/\/www.albinfo.at\/de\/wp-json\/wp\/v2\/types\/post"}],"author":[{"embeddable":true,"href":"https:\/\/www.albinfo.at\/de\/wp-json\/wp\/v2\/users\/6"}],"replies":[{"embeddable":true,"href":"https:\/\/www.albinfo.at\/de\/wp-json\/wp\/v2\/comments?post=879428"}],"version-history":[{"count":1,"href":"https:\/\/www.albinfo.at\/de\/wp-json\/wp\/v2\/posts\/879428\/revisions"}],"predecessor-version":[{"id":879429,"href":"https:\/\/www.albinfo.at\/de\/wp-json\/wp\/v2\/posts\/879428\/revisions\/879429"}],"wp:featuredmedia":[{"embeddable":true,"href":"https:\/\/www.albinfo.at\/de\/wp-json\/wp\/v2\/media\/879197"}],"wp:attachment":[{"href":"https:\/\/www.albinfo.at\/de\/wp-json\/wp\/v2\/media?parent=879428"}],"wp:term":[{"taxonomy":"category","embeddable":true,"href":"https:\/\/www.albinfo.at\/de\/wp-json\/wp\/v2\/categories?post=879428"},{"taxonomy":"post_tag","embeddable":true,"href":"https:\/\/www.albinfo.at\/de\/wp-json\/wp\/v2\/tags?post=879428"},{"taxonomy":"vendi","embeddable":true,"href":"https:\/\/www.albinfo.at\/de\/wp-json\/wp\/v2\/vendi?post=879428"},{"taxonomy":"content_country","embeddable":true,"href":"https:\/\/www.albinfo.at\/de\/wp-json\/wp\/v2\/content_country?post=879428"}],"curies":[{"name":"wp","href":"https:\/\/api.w.org\/{rel}","templated":true}]}}